{"id":1050,"date":"2020-12-08T08:54:31","date_gmt":"2020-12-08T06:54:31","guid":{"rendered":"https:\/\/eac.ee\/?post_type=news&#038;p=1050"},"modified":"2020-12-08T12:49:04","modified_gmt":"2020-12-08T10:49:04","slug":"elektrilennukitega-eesti-uhendamine-ulme-voi-reaalsus","status":"publish","type":"news","link":"https:\/\/eac.ee\/et\/uudised\/elektrilennukitega-eesti-uhendamine-ulme-voi-reaalsus\/","title":{"rendered":"Elektrilennukitega Eesti \u00fchendamine: ulme v\u00f5i reaalsus?"},"content":{"rendered":"<h3>Autor: Kristo Reinsalu, Lennundusklastri juht<\/h3>\n<p><!--more--><\/p>\n<p><strong>10-15 aastat tagasi, kui peeti Lufthansaga l\u00e4bir\u00e4\u00e4kimisi, siis nenditi, et Eestil on head eeldused saada mahukas investeering <a href=\"https:\/\/arileht.delfi.ee\/news\/uudised\/lufthansa-lennukihooldus-voib-tulla-eestisse?id=51007634\">lennukihoolduse<\/a> ja seej\u00e4rel \u00e4riklassi lennukite teeninduse loomiseks Tallinna lennuv\u00e4lja territooriumile. Eeldusteks ja juttude tasemel on aga senimaani k\u00f5ik j\u00e4\u00e4nudki. Ent ajalool on kalduvus end korrata. Kas me suudame olla n\u00fc\u00fcd nutikamad, kiiremad ja paindlikumad?<\/strong><\/p>\n<p><strong>Me peame Eestisse meelitama lennunduse tuleviku ettev\u00f5tted.<\/strong> Umbes aasta tagasi oli arenduses \u00fcle 200 erineva elektrilennuki programmi. K\u00fcsimus pole ainult tulevikut\u00f6\u00f6stuse Eestisse meelitamises. N\u00e4iteks h\u00fcbriid-elektrilist \u00f5hkut\u00f5usu ja maandumise tehnoloogiat kasutava <a href=\"https:\/\/youtu.be\/gphb2g6gqMo\">XTI TriFan 600<\/a> abil oleks v\u00f5imalus viia Eesti \u00fchenduvus t\u00e4iesti uuele tasemele. Kuni 9-kohaliste lennukitega, mille lennukaugus vastavalt vertikaalsele v\u00f5i konventsionaalsele \u00f5hkut\u00f5usule on 750 v\u00f5i 1380 miili, oleks v\u00f5imalik tuua t\u00f5eline revolutsioon piirkondade \u00fchendamisse Eestit \u00fcmbritseva 1000 km laiuse ringi sees. Eestist 1000 km raadiuses elab 100 miljonit inimest ja asub \u00fcle 1500 aktiivse lennuv\u00e4lja. Suuremad punktid tuleb omavahel \u00fchendada nagu \u0161veitslased seda usinalt planeerivad teha (vt pildid loo l\u00f5pus).<\/p>\n<p><strong>Kutsun \u00fcles looma Eestist l\u00e4htuvat piirkondlikku \u00f5huliikluse v\u00f5rgustikku analoogselt \u0160veitsi mudelile.<\/strong> Euroopa s\u00fcdames asuv \u0160veits on \u00f5nnistatud suurep\u00e4rase transpordi\u00fchenduse, t\u00e4pse rongiteenuse ja paljude kaunite kohtadega, kuhu minna. Ja ometi v\u00f5tab isegi maailmatasemel taristuga Z\u00fcrichist soovitud sihtkohtadesse j\u00f5udmine oodatust tunduvalt kauem aega. T\u00e4iselektrilise Liliumi lennukiga j\u00f5uaks aga suusatama Sankt-Moritzisse 2,5 tundi kiiremini kui auto v\u00f5i rongiga. Ka pilet oleks liini k\u00e4ivitamisel v\u00f5rreldav kiirrongi 1.klassi piletiga (loe pikemalt <a href=\"https:\/\/lilium.com\/newsroom-detail\/why-regional-air-mobility\">SIIT<\/a>). Muuhulgas, vahemaa on sama mis Tallinnal ja Tartul. Eestis m\u00f5tleme kahedimensionaalselt ja suuname kogu ressursi neljarealise maantee ehitusse. Ent saab ka teisiti, palju v\u00e4hem CO2 \u00f5hku paisates.\u00a0Kui EL hakkab \u201eroheleppe\u201c (ing. k. <em>green deal<\/em>) kaudu andma soodustusi madalama k\u00fctusekuluga, looduss\u00f5bralikke lennukite soetamiseks, siis miks ei v\u00f5iks osa sellest tootmisest olla Eestis?<\/p>\n<p><strong>Lennumasinate juhtimiseks pole vaja kallist maismaal taristut<\/strong> nagu teed v\u00f5i r\u00f6\u00f6pad. Liliumi poolt leiti, et 20 maandumiskohaga s\u00fcsteem loob umbes 200 potentsiaalset marsruuti ja 10 000 kilomeetrit kiiret \u00fchenduvust. See oleks lausa kolm korda rohkem kui suudab pakkuda Prantsusmaa kiire TGV raudteev\u00f5rk. R\u00f6\u00f6bastee \u00fche kilomeetri ehituseks kulub umbes 16 miljonit eurot. Seevastu tuleviku lennundus aitab \u00fchendada piirkondi sadades kordades soodsamalt, kiiremini, ressursis\u00e4\u00e4stlikumalt.\u00a0Tallinnast Tartusse on k\u00fcll tore saada 10 minutit kiiremini, aga selleks tuleb investeerida sadu miljoneid eurosid. Kas lennujaamad pole samuti maanteed? Miks me lennuv\u00e4ljadesse ei investeeri ja \u00f5hu kaudu \u00fchendusi ei kasuta?<\/p>\n<p><strong>Tallinnal on oma asukoha t\u00f5ttu suurep\u00e4rane potentsiaal saada<\/strong>\u00a0<strong>regionaalse \u00f5huliikluse koondumiskeskuseks<\/strong> (ing. k. <em>regional air mobility hub<\/em>). Muuhulgas v\u00f5iks Eestisse tulla Euroopa esimene elektrilennukite lennujaam, kust saavad vertikaalselt t\u00f5usta \u00f5hku ja maanduda lennuvahendid (ing. k. <em>vertiport<\/em>). \u00a0V\u00e4iksema vertiport\u2019i saaks ehitada 1-2 miljoni euro eest (loe pikemalt <a href=\"https:\/\/lilium.com\/newsroom-detail\/designing-a-scalable-vertiport\">SIIT<\/a>). Lennujaamad v\u00f5ivad olla nii kaubanduskeskuste kui ka parkimismajade katustel. Eesti v\u00e4ikesaartele l\u00e4htuvad lennud v\u00f5iksid tulevikus startida ja maanduda uue Tallinna Bussijaama katuselt. Ekslik on arvata, et selline trend v\u00f5tab lennujaamadelt t\u00f6\u00f6d \u00e4ra. See on hoopis uus \u00e4riv\u00f5imalus ja Eesti \u00fchenduvuse parandaja. Lisades juurde tootmise, siis on meie v\u00f5it kahekordne!<\/p>\n\n\t\t<style type=\"text\/css\">\n\t\t\t#gallery-1 {\n\t\t\t\tmargin: auto;\n\t\t\t}\n\t\t\t#gallery-1 .gallery-item {\n\t\t\t\tfloat: left;\n\t\t\t\tmargin-top: 10px;\n\t\t\t\ttext-align: center;\n\t\t\t\twidth: 100%;\n\t\t\t}\n\t\t\t#gallery-1 img {\n\t\t\t\tborder: 2px solid #cfcfcf;\n\t\t\t}\n\t\t\t#gallery-1 .gallery-caption {\n\t\t\t\tmargin-left: 0;\n\t\t\t}\n\t\t\t\/* see gallery_shortcode() in wp-includes\/media.php *\/\n\t\t<\/style>\n\t\t<div id='gallery-1' class='gallery galleryid-1050 gallery-columns-1 gallery-size-large'><dl class='gallery-item'>\n\t\t\t<dt class='gallery-icon landscape'>\n\t\t\t\t<a href='https:\/\/eac.ee\/et\/uudised\/elektrilennukitega-eesti-uhendamine-ulme-voi-reaalsus\/eestist-1000km-2\/'><img loading=\"lazy\" decoding=\"async\" width=\"900\" height=\"468\" src=\"https:\/\/eac.ee\/wp-content\/uploads\/2020\/12\/Eestist-1000km-2-1920x998.png\" class=\"attachment-large size-large\" alt=\"\" aria-describedby=\"gallery-1-1059\" srcset=\"https:\/\/eac.ee\/wp-content\/uploads\/2020\/12\/Eestist-1000km-2-1920x998.png 1920w, https:\/\/eac.ee\/wp-content\/uploads\/2020\/12\/Eestist-1000km-2-1024x532.png 1024w, https:\/\/eac.ee\/wp-content\/uploads\/2020\/12\/Eestist-1000km-2-768x399.png 768w, https:\/\/eac.ee\/wp-content\/uploads\/2020\/12\/Eestist-1000km-2-1536x798.png 1536w, https:\/\/eac.ee\/wp-content\/uploads\/2020\/12\/Eestist-1000km-2-2048x1064.png 2048w, https:\/\/eac.ee\/wp-content\/uploads\/2020\/12\/Eestist-1000km-2-680x353.png 680w\" sizes=\"auto, (max-width: 900px) 100vw, 900px\" \/><\/a>\n\t\t\t<\/dt>\n\t\t\t\t<dd class='wp-caption-text gallery-caption' id='gallery-1-1059'>\n\t\t\t\tEesti \u00fchendamise v\u00f5imalused\n\t\t\t\t<\/dd><\/dl><br style=\"clear: both\" \/><dl class='gallery-item'>\n\t\t\t<dt class='gallery-icon landscape'>\n\t\t\t\t<a href='https:\/\/eac.ee\/et\/uudised\/elektrilennukitega-eesti-uhendamine-ulme-voi-reaalsus\/ram_lilium_zurich-2\/'><img loading=\"lazy\" decoding=\"async\" width=\"900\" height=\"604\" src=\"https:\/\/eac.ee\/wp-content\/uploads\/2020\/12\/RAM_Lilium_Zurich-2.jpg\" class=\"attachment-large size-large\" alt=\"\" aria-describedby=\"gallery-1-1061\" srcset=\"https:\/\/eac.ee\/wp-content\/uploads\/2020\/12\/RAM_Lilium_Zurich-2.jpg 1490w, https:\/\/eac.ee\/wp-content\/uploads\/2020\/12\/RAM_Lilium_Zurich-2-1024x687.jpg 1024w, https:\/\/eac.ee\/wp-content\/uploads\/2020\/12\/RAM_Lilium_Zurich-2-768x515.jpg 768w, https:\/\/eac.ee\/wp-content\/uploads\/2020\/12\/RAM_Lilium_Zurich-2-680x456.jpg 680w\" sizes=\"auto, (max-width: 900px) 100vw, 900px\" \/><\/a>\n\t\t\t<\/dt>\n\t\t\t\t<dd class='wp-caption-text gallery-caption' id='gallery-1-1061'>\n\t\t\t\t\u0160veitsi \u00fchendamise n\u00e4ide (300 km raadiuses \u017d\u00fcrichist)\n\t\t\t\t<\/dd><\/dl><br style=\"clear: both\" \/>\n\t\t<\/div>\n\n","protected":false},"author":9,"featured_media":1057,"template":"","tax_news":[66],"class_list":["post-1050","news","type-news","status-publish","has-post-thumbnail","hentry","tax_news-lennuuhendused"],"acf":[],"yoast_head":"<!-- This site is optimized with the Yoast SEO plugin v27.4 - https:\/\/yoast.com\/product\/yoast-seo-wordpress\/ -->\n<title>Elektrilennukitega Eesti \u00fchendamine: ulme v\u00f5i reaalsus? &#8211; Estonian Aviation Cluster<\/title>\n<meta name=\"robots\" content=\"index, follow, max-snippet:-1, max-image-preview:large, max-video-preview:-1\" \/>\n<link rel=\"canonical\" href=\"https:\/\/eac.ee\/et\/uudised\/elektrilennukitega-eesti-uhendamine-ulme-voi-reaalsus\/\" \/>\n<meta property=\"og:locale\" content=\"et_EE\" \/>\n<meta property=\"og:type\" content=\"article\" \/>\n<meta property=\"og:title\" content=\"Elektrilennukitega Eesti \u00fchendamine: ulme v\u00f5i reaalsus? &#8211; Estonian Aviation Cluster\" \/>\n<meta property=\"og:description\" content=\"Autor: Kristo Reinsalu, Lennundusklastri juht\" \/>\n<meta property=\"og:url\" content=\"https:\/\/eac.ee\/et\/uudised\/elektrilennukitega-eesti-uhendamine-ulme-voi-reaalsus\/\" \/>\n<meta property=\"og:site_name\" content=\"Estonian Aviation Cluster\" \/>\n<meta property=\"article:modified_time\" content=\"2020-12-08T10:49:04+00:00\" \/>\n<meta property=\"og:image\" content=\"https:\/\/eac.ee\/wp-content\/uploads\/2020\/12\/header.web-2-2.jpg\" \/>\n\t<meta property=\"og:image:width\" content=\"1940\" \/>\n\t<meta property=\"og:image:height\" content=\"1000\" \/>\n\t<meta property=\"og:image:type\" content=\"image\/jpeg\" \/>\n<meta name=\"twitter:card\" content=\"summary_large_image\" \/>\n<meta name=\"twitter:label1\" content=\"Est. reading time\" \/>\n\t<meta name=\"twitter:data1\" content=\"3 minutit\" \/>\n<script type=\"application\/ld+json\" class=\"yoast-schema-graph\">{\"@context\":\"https:\\\/\\\/schema.org\",\"@graph\":[{\"@type\":\"WebPage\",\"@id\":\"https:\\\/\\\/eac.ee\\\/et\\\/uudised\\\/elektrilennukitega-eesti-uhendamine-ulme-voi-reaalsus\\\/\",\"url\":\"https:\\\/\\\/eac.ee\\\/et\\\/uudised\\\/elektrilennukitega-eesti-uhendamine-ulme-voi-reaalsus\\\/\",\"name\":\"Elektrilennukitega Eesti \u00fchendamine: ulme v\u00f5i reaalsus? &#8211; Estonian Aviation Cluster\",\"isPartOf\":{\"@id\":\"https:\\\/\\\/eac.ee\\\/#website\"},\"primaryImageOfPage\":{\"@id\":\"https:\\\/\\\/eac.ee\\\/et\\\/uudised\\\/elektrilennukitega-eesti-uhendamine-ulme-voi-reaalsus\\\/#primaryimage\"},\"image\":{\"@id\":\"https:\\\/\\\/eac.ee\\\/et\\\/uudised\\\/elektrilennukitega-eesti-uhendamine-ulme-voi-reaalsus\\\/#primaryimage\"},\"thumbnailUrl\":\"https:\\\/\\\/eac.ee\\\/wp-content\\\/uploads\\\/2020\\\/12\\\/header.web-2-2.jpg\",\"datePublished\":\"2020-12-08T06:54:31+00:00\",\"dateModified\":\"2020-12-08T10:49:04+00:00\",\"breadcrumb\":{\"@id\":\"https:\\\/\\\/eac.ee\\\/et\\\/uudised\\\/elektrilennukitega-eesti-uhendamine-ulme-voi-reaalsus\\\/#breadcrumb\"},\"inLanguage\":\"et\",\"potentialAction\":[{\"@type\":\"ReadAction\",\"target\":[\"https:\\\/\\\/eac.ee\\\/et\\\/uudised\\\/elektrilennukitega-eesti-uhendamine-ulme-voi-reaalsus\\\/\"]}]},{\"@type\":\"ImageObject\",\"inLanguage\":\"et\",\"@id\":\"https:\\\/\\\/eac.ee\\\/et\\\/uudised\\\/elektrilennukitega-eesti-uhendamine-ulme-voi-reaalsus\\\/#primaryimage\",\"url\":\"https:\\\/\\\/eac.ee\\\/wp-content\\\/uploads\\\/2020\\\/12\\\/header.web-2-2.jpg\",\"contentUrl\":\"https:\\\/\\\/eac.ee\\\/wp-content\\\/uploads\\\/2020\\\/12\\\/header.web-2-2.jpg\",\"width\":1940,\"height\":1000},{\"@type\":\"BreadcrumbList\",\"@id\":\"https:\\\/\\\/eac.ee\\\/et\\\/uudised\\\/elektrilennukitega-eesti-uhendamine-ulme-voi-reaalsus\\\/#breadcrumb\",\"itemListElement\":[{\"@type\":\"ListItem\",\"position\":1,\"name\":\"Home\",\"item\":\"https:\\\/\\\/eac.ee\\\/et\\\/\"},{\"@type\":\"ListItem\",\"position\":2,\"name\":\"Elektrilennukitega Eesti \u00fchendamine: ulme v\u00f5i reaalsus?\"}]},{\"@type\":\"WebSite\",\"@id\":\"https:\\\/\\\/eac.ee\\\/#website\",\"url\":\"https:\\\/\\\/eac.ee\\\/\",\"name\":\"Estonian Aviation Cluster\",\"description\":\"\",\"potentialAction\":[{\"@type\":\"SearchAction\",\"target\":{\"@type\":\"EntryPoint\",\"urlTemplate\":\"https:\\\/\\\/eac.ee\\\/?s={search_term_string}\"},\"query-input\":{\"@type\":\"PropertyValueSpecification\",\"valueRequired\":true,\"valueName\":\"search_term_string\"}}],\"inLanguage\":\"et\"}]}<\/script>\n<!-- \/ Yoast SEO plugin. -->","yoast_head_json":{"title":"Elektrilennukitega Eesti \u00fchendamine: ulme v\u00f5i reaalsus? &#8211; Estonian Aviation Cluster","robots":{"index":"index","follow":"follow","max-snippet":"max-snippet:-1","max-image-preview":"max-image-preview:large","max-video-preview":"max-video-preview:-1"},"canonical":"https:\/\/eac.ee\/et\/uudised\/elektrilennukitega-eesti-uhendamine-ulme-voi-reaalsus\/","og_locale":"et_EE","og_type":"article","og_title":"Elektrilennukitega Eesti \u00fchendamine: ulme v\u00f5i reaalsus? &#8211; Estonian Aviation Cluster","og_description":"Autor: Kristo Reinsalu, Lennundusklastri juht","og_url":"https:\/\/eac.ee\/et\/uudised\/elektrilennukitega-eesti-uhendamine-ulme-voi-reaalsus\/","og_site_name":"Estonian Aviation Cluster","article_modified_time":"2020-12-08T10:49:04+00:00","og_image":[{"width":1940,"height":1000,"url":"https:\/\/eac.ee\/wp-content\/uploads\/2020\/12\/header.web-2-2.jpg","type":"image\/jpeg"}],"twitter_card":"summary_large_image","twitter_misc":{"Est. reading time":"3 minutit"},"schema":{"@context":"https:\/\/schema.org","@graph":[{"@type":"WebPage","@id":"https:\/\/eac.ee\/et\/uudised\/elektrilennukitega-eesti-uhendamine-ulme-voi-reaalsus\/","url":"https:\/\/eac.ee\/et\/uudised\/elektrilennukitega-eesti-uhendamine-ulme-voi-reaalsus\/","name":"Elektrilennukitega Eesti \u00fchendamine: ulme v\u00f5i reaalsus? &#8211; Estonian Aviation Cluster","isPartOf":{"@id":"https:\/\/eac.ee\/#website"},"primaryImageOfPage":{"@id":"https:\/\/eac.ee\/et\/uudised\/elektrilennukitega-eesti-uhendamine-ulme-voi-reaalsus\/#primaryimage"},"image":{"@id":"https:\/\/eac.ee\/et\/uudised\/elektrilennukitega-eesti-uhendamine-ulme-voi-reaalsus\/#primaryimage"},"thumbnailUrl":"https:\/\/eac.ee\/wp-content\/uploads\/2020\/12\/header.web-2-2.jpg","datePublished":"2020-12-08T06:54:31+00:00","dateModified":"2020-12-08T10:49:04+00:00","breadcrumb":{"@id":"https:\/\/eac.ee\/et\/uudised\/elektrilennukitega-eesti-uhendamine-ulme-voi-reaalsus\/#breadcrumb"},"inLanguage":"et","potentialAction":[{"@type":"ReadAction","target":["https:\/\/eac.ee\/et\/uudised\/elektrilennukitega-eesti-uhendamine-ulme-voi-reaalsus\/"]}]},{"@type":"ImageObject","inLanguage":"et","@id":"https:\/\/eac.ee\/et\/uudised\/elektrilennukitega-eesti-uhendamine-ulme-voi-reaalsus\/#primaryimage","url":"https:\/\/eac.ee\/wp-content\/uploads\/2020\/12\/header.web-2-2.jpg","contentUrl":"https:\/\/eac.ee\/wp-content\/uploads\/2020\/12\/header.web-2-2.jpg","width":1940,"height":1000},{"@type":"BreadcrumbList","@id":"https:\/\/eac.ee\/et\/uudised\/elektrilennukitega-eesti-uhendamine-ulme-voi-reaalsus\/#breadcrumb","itemListElement":[{"@type":"ListItem","position":1,"name":"Home","item":"https:\/\/eac.ee\/et\/"},{"@type":"ListItem","position":2,"name":"Elektrilennukitega Eesti \u00fchendamine: ulme v\u00f5i reaalsus?"}]},{"@type":"WebSite","@id":"https:\/\/eac.ee\/#website","url":"https:\/\/eac.ee\/","name":"Estonian Aviation Cluster","description":"","potentialAction":[{"@type":"SearchAction","target":{"@type":"EntryPoint","urlTemplate":"https:\/\/eac.ee\/?s={search_term_string}"},"query-input":{"@type":"PropertyValueSpecification","valueRequired":true,"valueName":"search_term_string"}}],"inLanguage":"et"}]}},"_links":{"self":[{"href":"https:\/\/eac.ee\/et\/wp-json\/wp\/v2\/news\/1050","targetHints":{"allow":["GET"]}}],"collection":[{"href":"https:\/\/eac.ee\/et\/wp-json\/wp\/v2\/news"}],"about":[{"href":"https:\/\/eac.ee\/et\/wp-json\/wp\/v2\/types\/news"}],"author":[{"embeddable":true,"href":"https:\/\/eac.ee\/et\/wp-json\/wp\/v2\/users\/9"}],"wp:featuredmedia":[{"embeddable":true,"href":"https:\/\/eac.ee\/et\/wp-json\/wp\/v2\/media\/1057"}],"wp:attachment":[{"href":"https:\/\/eac.ee\/et\/wp-json\/wp\/v2\/media?parent=1050"}],"wp:term":[{"taxonomy":"tax_news","embeddable":true,"href":"https:\/\/eac.ee\/et\/wp-json\/wp\/v2\/tax_news?post=1050"}],"curies":[{"name":"wp","href":"https:\/\/api.w.org\/{rel}","templated":true}]}}