{"id":1138,"date":"2021-01-22T11:32:50","date_gmt":"2021-01-22T09:32:50","guid":{"rendered":"https:\/\/eac.ee\/?post_type=news&#038;p=1138"},"modified":"2021-01-22T11:39:31","modified_gmt":"2021-01-22T09:39:31","slug":"ospentos-uuendas-lepingut-finnair-cargoga","status":"publish","type":"news","link":"https:\/\/eac.ee\/et\/uudised\/ospentos-uuendas-lepingut-finnair-cargoga\/","title":{"rendered":"Ospentos uuendas koost\u00f6\u00f6lepingut Finnair Cargoga"},"content":{"rendered":"<p>Kahe ettev\u00f5tte koost\u00f6\u00f6 sai alguse juba 14 aastat tagasi, kui <a href=\"https:\/\/eac.ee\/members\/ospentos-international\/\">Ospentos<\/a> alustas Finnairi kauba- ja postivedudega Helsingi ja Balti riikide lennujaamade vahel. <!--more-->Lisaks kuuluvad sihtkohtade hulka veel ka Ukraina pealinn\u00a0Kiiev ja Valgevene pealinn Minsk. Lennukaupade maanteevedudele j\u00e4rgnes peagi kauba- ning posti k\u00e4itlusleping Tallinna Lennujaamas.<\/p>\n<p>\u00dcks esmat\u00e4htis \u00fchine eesm\u00e4rk m\u00f5lema ettev\u00f5tte jaoks kogu koost\u00f6\u00f6perioodi jooksul on olnud tehniline innovatsioon. <a href=\"https:\/\/eac.ee\/members\/ospentos-international\/\">Ospentos<\/a> on pakkunud oma partnerile usaldusv\u00e4\u00e4rset ja l\u00e4bipistvat teenust alates kaubak\u00e4itluse protseduuridest kaubaterminalis, l\u00f5petades\u00a0autode j\u00e4lgimisega reaalajas kogu veoteekonna v\u00e4ltel. Lennufirmal on v\u00f5imalik lisaks ka monitoorida temperatuure veovahendi kaubaruumides ja veenduda veo turvalisuses kuni auto j\u00f5udmiseni sihtkohta.<\/p>\n<p>\u201eLepingu uuendamisega loodame kaasa aidata stabiilsuse taastamisele COVID-19 poolt h\u00e4iritud turutingimustes\u201c \u00fctles <a href=\"https:\/\/eac.ee\/members\/ospentos-international\/\">Ospentos International O\u00dc<\/a> juhatuse liige Haiti Arendi.<\/p>\n<p>\u201eKaupade liikumise tagamine broneeritud ajagraafikute j\u00e4rgi on seoses pandeemiast tulenevate piirangutega t\u00f5sine v\u00e4ljakutse, kuid partnerlus on selle olukorra lahendamise v\u00f5ti\u201c kinnitas ka Finnair Cargo operatsioonide juht Tommi Voss. \u201eAinult usaldusv\u00e4\u00e4rsete partneritega saame tagada oma klientidele kvaliteetse teenuse n\u00fc\u00fcd ja ka tulevikus\u201c.<\/p>\n<p>Aastal 2006 loodud <a href=\"https:\/\/eac.ee\/members\/ospentos-international\/\">Ospentos International O\u00dc<\/a>\u00a0osutab lennukaupade road feeder- ja k\u00e4itlusteenust lennufirmadele ning ekspedeerijatele. Pidev investeerimine digitaalsetesse lahendustesse v\u00f5imaldab ettev\u00f5ttel pakkuda k\u00f5igile oma klientidele kvaliteetset ja l\u00e4bipaistvat teenust.<\/p>\n","protected":false},"author":9,"featured_media":1139,"template":"","tax_news":[64],"class_list":["post-1138","news","type-news","status-publish","has-post-thumbnail","hentry","tax_news-lennukaubandus"],"acf":[],"yoast_head":"<!-- This site is optimized with the Yoast SEO plugin v27.4 - https:\/\/yoast.com\/product\/yoast-seo-wordpress\/ -->\n<title>Ospentos uuendas koost\u00f6\u00f6lepingut Finnair Cargoga &#8211; Estonian Aviation Cluster<\/title>\n<meta name=\"robots\" content=\"index, follow, max-snippet:-1, max-image-preview:large, max-video-preview:-1\" \/>\n<link rel=\"canonical\" href=\"https:\/\/eac.ee\/et\/uudised\/ospentos-uuendas-lepingut-finnair-cargoga\/\" \/>\n<meta property=\"og:locale\" content=\"et_EE\" \/>\n<meta property=\"og:type\" content=\"article\" \/>\n<meta property=\"og:title\" content=\"Ospentos uuendas koost\u00f6\u00f6lepingut Finnair Cargoga &#8211; Estonian Aviation Cluster\" \/>\n<meta property=\"og:description\" content=\"Kahe ettev\u00f5tte koost\u00f6\u00f6 sai alguse juba 14 aastat tagasi, kui Ospentos alustas Finnairi kauba- ja postivedudega Helsingi ja Balti riikide lennujaamade vahel.\" \/>\n<meta property=\"og:url\" content=\"https:\/\/eac.ee\/et\/uudised\/ospentos-uuendas-lepingut-finnair-cargoga\/\" \/>\n<meta property=\"og:site_name\" content=\"Estonian Aviation Cluster\" \/>\n<meta property=\"article:modified_time\" content=\"2021-01-22T09:39:31+00:00\" \/>\n<meta property=\"og:image\" content=\"https:\/\/eac.ee\/wp-content\/uploads\/2021\/01\/Finnair-Ospentos-photo-for-press-release.png\" \/>\n\t<meta property=\"og:image:width\" content=\"659\" \/>\n\t<meta property=\"og:image:height\" content=\"507\" \/>\n\t<meta property=\"og:image:type\" content=\"image\/png\" \/>\n<meta name=\"twitter:card\" content=\"summary_large_image\" \/>\n<meta name=\"twitter:label1\" content=\"Est. reading time\" \/>\n\t<meta name=\"twitter:data1\" content=\"1 minut\" \/>\n<script type=\"application\/ld+json\" class=\"yoast-schema-graph\">{\"@context\":\"https:\\\/\\\/schema.org\",\"@graph\":[{\"@type\":\"WebPage\",\"@id\":\"https:\\\/\\\/eac.ee\\\/et\\\/uudised\\\/ospentos-uuendas-lepingut-finnair-cargoga\\\/\",\"url\":\"https:\\\/\\\/eac.ee\\\/et\\\/uudised\\\/ospentos-uuendas-lepingut-finnair-cargoga\\\/\",\"name\":\"Ospentos uuendas koost\u00f6\u00f6lepingut Finnair Cargoga &#8211; Estonian Aviation Cluster\",\"isPartOf\":{\"@id\":\"https:\\\/\\\/eac.ee\\\/#website\"},\"primaryImageOfPage\":{\"@id\":\"https:\\\/\\\/eac.ee\\\/et\\\/uudised\\\/ospentos-uuendas-lepingut-finnair-cargoga\\\/#primaryimage\"},\"image\":{\"@id\":\"https:\\\/\\\/eac.ee\\\/et\\\/uudised\\\/ospentos-uuendas-lepingut-finnair-cargoga\\\/#primaryimage\"},\"thumbnailUrl\":\"https:\\\/\\\/eac.ee\\\/wp-content\\\/uploads\\\/2021\\\/01\\\/Finnair-Ospentos-photo-for-press-release.png\",\"datePublished\":\"2021-01-22T09:32:50+00:00\",\"dateModified\":\"2021-01-22T09:39:31+00:00\",\"breadcrumb\":{\"@id\":\"https:\\\/\\\/eac.ee\\\/et\\\/uudised\\\/ospentos-uuendas-lepingut-finnair-cargoga\\\/#breadcrumb\"},\"inLanguage\":\"et\",\"potentialAction\":[{\"@type\":\"ReadAction\",\"target\":[\"https:\\\/\\\/eac.ee\\\/et\\\/uudised\\\/ospentos-uuendas-lepingut-finnair-cargoga\\\/\"]}]},{\"@type\":\"ImageObject\",\"inLanguage\":\"et\",\"@id\":\"https:\\\/\\\/eac.ee\\\/et\\\/uudised\\\/ospentos-uuendas-lepingut-finnair-cargoga\\\/#primaryimage\",\"url\":\"https:\\\/\\\/eac.ee\\\/wp-content\\\/uploads\\\/2021\\\/01\\\/Finnair-Ospentos-photo-for-press-release.png\",\"contentUrl\":\"https:\\\/\\\/eac.ee\\\/wp-content\\\/uploads\\\/2021\\\/01\\\/Finnair-Ospentos-photo-for-press-release.png\",\"width\":659,\"height\":507},{\"@type\":\"BreadcrumbList\",\"@id\":\"https:\\\/\\\/eac.ee\\\/et\\\/uudised\\\/ospentos-uuendas-lepingut-finnair-cargoga\\\/#breadcrumb\",\"itemListElement\":[{\"@type\":\"ListItem\",\"position\":1,\"name\":\"Home\",\"item\":\"https:\\\/\\\/eac.ee\\\/et\\\/\"},{\"@type\":\"ListItem\",\"position\":2,\"name\":\"Ospentos uuendas koost\u00f6\u00f6lepingut Finnair Cargoga\"}]},{\"@type\":\"WebSite\",\"@id\":\"https:\\\/\\\/eac.ee\\\/#website\",\"url\":\"https:\\\/\\\/eac.ee\\\/\",\"name\":\"Estonian Aviation Cluster\",\"description\":\"\",\"potentialAction\":[{\"@type\":\"SearchAction\",\"target\":{\"@type\":\"EntryPoint\",\"urlTemplate\":\"https:\\\/\\\/eac.ee\\\/?s={search_term_string}\"},\"query-input\":{\"@type\":\"PropertyValueSpecification\",\"valueRequired\":true,\"valueName\":\"search_term_string\"}}],\"inLanguage\":\"et\"}]}<\/script>\n<!-- \/ Yoast SEO plugin. -->","yoast_head_json":{"title":"Ospentos uuendas koost\u00f6\u00f6lepingut Finnair Cargoga &#8211; Estonian Aviation Cluster","robots":{"index":"index","follow":"follow","max-snippet":"max-snippet:-1","max-image-preview":"max-image-preview:large","max-video-preview":"max-video-preview:-1"},"canonical":"https:\/\/eac.ee\/et\/uudised\/ospentos-uuendas-lepingut-finnair-cargoga\/","og_locale":"et_EE","og_type":"article","og_title":"Ospentos uuendas koost\u00f6\u00f6lepingut Finnair Cargoga &#8211; Estonian Aviation Cluster","og_description":"Kahe ettev\u00f5tte koost\u00f6\u00f6 sai alguse juba 14 aastat tagasi, kui Ospentos alustas Finnairi kauba- ja postivedudega Helsingi ja Balti riikide lennujaamade vahel.","og_url":"https:\/\/eac.ee\/et\/uudised\/ospentos-uuendas-lepingut-finnair-cargoga\/","og_site_name":"Estonian Aviation Cluster","article_modified_time":"2021-01-22T09:39:31+00:00","og_image":[{"width":659,"height":507,"url":"https:\/\/eac.ee\/wp-content\/uploads\/2021\/01\/Finnair-Ospentos-photo-for-press-release.png","type":"image\/png"}],"twitter_card":"summary_large_image","twitter_misc":{"Est. reading time":"1 minut"},"schema":{"@context":"https:\/\/schema.org","@graph":[{"@type":"WebPage","@id":"https:\/\/eac.ee\/et\/uudised\/ospentos-uuendas-lepingut-finnair-cargoga\/","url":"https:\/\/eac.ee\/et\/uudised\/ospentos-uuendas-lepingut-finnair-cargoga\/","name":"Ospentos uuendas koost\u00f6\u00f6lepingut Finnair Cargoga &#8211; Estonian Aviation Cluster","isPartOf":{"@id":"https:\/\/eac.ee\/#website"},"primaryImageOfPage":{"@id":"https:\/\/eac.ee\/et\/uudised\/ospentos-uuendas-lepingut-finnair-cargoga\/#primaryimage"},"image":{"@id":"https:\/\/eac.ee\/et\/uudised\/ospentos-uuendas-lepingut-finnair-cargoga\/#primaryimage"},"thumbnailUrl":"https:\/\/eac.ee\/wp-content\/uploads\/2021\/01\/Finnair-Ospentos-photo-for-press-release.png","datePublished":"2021-01-22T09:32:50+00:00","dateModified":"2021-01-22T09:39:31+00:00","breadcrumb":{"@id":"https:\/\/eac.ee\/et\/uudised\/ospentos-uuendas-lepingut-finnair-cargoga\/#breadcrumb"},"inLanguage":"et","potentialAction":[{"@type":"ReadAction","target":["https:\/\/eac.ee\/et\/uudised\/ospentos-uuendas-lepingut-finnair-cargoga\/"]}]},{"@type":"ImageObject","inLanguage":"et","@id":"https:\/\/eac.ee\/et\/uudised\/ospentos-uuendas-lepingut-finnair-cargoga\/#primaryimage","url":"https:\/\/eac.ee\/wp-content\/uploads\/2021\/01\/Finnair-Ospentos-photo-for-press-release.png","contentUrl":"https:\/\/eac.ee\/wp-content\/uploads\/2021\/01\/Finnair-Ospentos-photo-for-press-release.png","width":659,"height":507},{"@type":"BreadcrumbList","@id":"https:\/\/eac.ee\/et\/uudised\/ospentos-uuendas-lepingut-finnair-cargoga\/#breadcrumb","itemListElement":[{"@type":"ListItem","position":1,"name":"Home","item":"https:\/\/eac.ee\/et\/"},{"@type":"ListItem","position":2,"name":"Ospentos uuendas koost\u00f6\u00f6lepingut Finnair Cargoga"}]},{"@type":"WebSite","@id":"https:\/\/eac.ee\/#website","url":"https:\/\/eac.ee\/","name":"Estonian Aviation Cluster","description":"","potentialAction":[{"@type":"SearchAction","target":{"@type":"EntryPoint","urlTemplate":"https:\/\/eac.ee\/?s={search_term_string}"},"query-input":{"@type":"PropertyValueSpecification","valueRequired":true,"valueName":"search_term_string"}}],"inLanguage":"et"}]}},"_links":{"self":[{"href":"https:\/\/eac.ee\/et\/wp-json\/wp\/v2\/news\/1138","targetHints":{"allow":["GET"]}}],"collection":[{"href":"https:\/\/eac.ee\/et\/wp-json\/wp\/v2\/news"}],"about":[{"href":"https:\/\/eac.ee\/et\/wp-json\/wp\/v2\/types\/news"}],"author":[{"embeddable":true,"href":"https:\/\/eac.ee\/et\/wp-json\/wp\/v2\/users\/9"}],"wp:featuredmedia":[{"embeddable":true,"href":"https:\/\/eac.ee\/et\/wp-json\/wp\/v2\/media\/1139"}],"wp:attachment":[{"href":"https:\/\/eac.ee\/et\/wp-json\/wp\/v2\/media?parent=1138"}],"wp:term":[{"taxonomy":"tax_news","embeddable":true,"href":"https:\/\/eac.ee\/et\/wp-json\/wp\/v2\/tax_news?post=1138"}],"curies":[{"name":"wp","href":"https:\/\/api.w.org\/{rel}","templated":true}]}}