{"id":1360,"date":"2021-07-28T14:47:30","date_gmt":"2021-07-28T11:47:30","guid":{"rendered":"https:\/\/eac.ee\/?post_type=news&#038;p=1360"},"modified":"2021-07-28T16:18:14","modified_gmt":"2021-07-28T13:18:14","slug":"eesti-on-rohelistele-vaikelennukitele-avatud","status":"publish","type":"news","link":"https:\/\/eac.ee\/et\/uudised\/eesti-on-rohelistele-vaikelennukitele-avatud\/","title":{"rendered":"Eesti on rohelistele v\u00e4ikelennukitele avatud"},"content":{"rendered":"<p><strong>28.07.2021<\/strong><\/p>\n<p>Eelmisel reedel J\u00f5hvi Kontserdimajas regionaallennunduse teemadele p\u00fchendatud konverentsil arutati regionaallennunduse hetkeolukorda ja arengusuundi. Konverentsi ja Lennup\u00e4eva korraldajate arvates peaks regionaallennundus olema riiklik prioriteet.<\/p>\n<p>\u201eEesti \u00f5hu-uks on n\u00fc\u00fcd lahti. Omavalitsusjuhid on hakanud m\u00f5istma, et h\u00e4stitoimiv lennuv\u00e4li on sama elut\u00e4htis nagu on asfalteeritud tee,\u201c \u00fctles konverentsi peakorraldaja, Diamond Sky tegevjuht <strong>Ken Koort<\/strong> oma avas\u00f5nas.<\/p>\n<p><strong>Lennundus vajab riiklikku strateegiat<\/strong><\/p>\n<p>Avaettekandes toonitas Riigikogu lennunduse toetusr\u00fchma\u00a0 aseesimees, <strong>Timo Suslov<\/strong>, et meie ambitsioon peab olema suurem kui t\u00e4nased reaalsed v\u00f5imalused. \u201e<em>Teeme Eestist lennuriigi, mis suudab piloteerida neid valdkondi, mis hetkel on veel lapsekingades<\/em>,\u201c \u00fctles Suslov ja r\u00f5hutas vajadust riikliku strateegia j\u00e4rele.<\/p>\n<p>Riigikogu liikme ning P\u00e4rnu linnavolikogu esimehe <strong>Andrei Korobeiniku<\/strong> s\u00f5nul peaksime eeskujuks v\u00f5tma l\u00e4hiriikidelt. \u201e<em>Meil on Tallinna Lennujaam, mille alla kuuluvad regionaallennujaamad, kuid n\u00e4iteks Leedus puudub n\u00f6 Vilniuse lennujaam, vaid on Leedu lennujaamad<\/em>,\u201c osutas Korobeinik ning r\u00f5hutas koost\u00f6\u00f6 tegemise vajadust ettev\u00f5tetega.<\/p>\n<p><strong>Tulevikulennundus on roheline<\/strong><\/p>\n<p>P\u00f5hjamaade elektrilennunduse v\u00f5rgustiku juht <strong>Maria Fiskerud<\/strong> r\u00e4\u00e4kis, et kliimaneutraalsed lennukid on kasumlikumad kui t\u00e4nased fossiilsel k\u00fctusel lendavad lennukid. \u201e<em>Elektrilennukitel on 75% madalamad k\u00fctusekulud, 50% v\u00e4iksemad hoolduskulud<\/em>,\u201c osutas Fiskerud, kes n\u00f5ustab sealhulgas Rootsi iduettev\u00f5tet Heart Aerospace, mis arendab 19-kohalist elektrilennukit.<\/p>\n<p>\u201e<em>Nii Rootsi kui Norra eesm\u00e4rk on saavutada kliimaneutraalne lennundus aastaks 2030. Selleni j\u00f5udmiseks on valitsusel v\u00e4ga suur roll. Eestil on reaalne v\u00f5imalus liituda meie v\u00f5rgustikuga. Koos oleksime tugevamad globaalses konkurentsis<\/em>,\u201c \u00e4rgitas Fiskerud vaatama ambitsioonikamalt tulevikku.<\/p>\n<p><strong>\u00c4rimudel toob edu<\/strong><\/p>\n<p>Eesti olulisemaid regionaalseid lennujaamasid opereeriva AS-i Tallinna Lennujaam juhatuse liikme <strong>Anneli Turkini<\/strong> s\u00f5nul on regionaalsete lennujaamade toimimine ja p\u00fcsima j\u00e4\u00e4mine oluline riigi regionaalpoliitika seisukohast, kuid \u00e4riliselt kasumlikud nad ei ole. \u201eSelleks, et regionaalne lennujaam oleks \u00e4riliselt kasumlik, peaks seda aastas l\u00e4bima v\u00e4hemalt \u00fcks miljon reisijat, mis on regionaalsete lennujaamade pigem ebat\u00f5en\u00e4oline v\u00f5i v\u00e4ga kauge tulevik. Regionaalsete lennuv\u00e4ljade lennuliikluse edulugu saab s\u00fcndida vaid k\u00f5igi osapoolte \u00fchisel koost\u00f6\u00f6l. Peame oluliseks uute tegevusvaldkondade ja \u00e4ri arendamist, et lennujaamade tulud ei oleks ainult reisijatega seotud,\u201c lisas Anneli Turkin.<\/p>\n<p>\u201e<em>Liege Belgias, Lleida Kataloonias ning Eilat Iisraelis n\u00e4itavad seda, et lennujaama edu aluseks on h\u00e4stitoimiv \u00e4rimudel<\/em>,\u201c \u00fctles Euroopa regionaalsete lennujaamade v\u00f5rgustiku juht, <strong>Sergi Alegre<\/strong>. Eduka \u00e4rimudeli \u00fche n\u00e4itena tutvustas Helsinki East Aerodrome juht <strong>Esa Korjula<\/strong> t\u00e4isdigitaalse lennujaama projekti, kus k\u00f5iki lennuv\u00e4lja teenuseid juhitakse distantsilt ja t\u00e4htis roll saab olema droonidel.<\/p>\n<p>K\u00fcmneaastase pausi j\u00e4rel taaskord toimunud J\u00f5hvi Lennup\u00e4evade raames peetud konverentsi esinejate seas olid nii Eesti Vabariigi Riigikogu lennunduse toetusr\u00fchma esimees <strong>Henn P\u00f5lluaas<\/strong> kui ka aseesimees <strong>Timo Suslov<\/strong>. \u00dcritusel osalesid paljud lennundusega seotud avaliku ja erasektori esindajaid nii Eestist kui ka mujalt maailmast P\u00e4eva modereeris Ettev\u00f5tluse Arendamise Sihtasutuse v\u00e4lisinvesteeringute arendusjuht <strong>Raido Lember<\/strong>.<\/p>\n<div id=\"wp-image-wrap-1361\" class=\"content-media-img\">\n<div class=\"responsive-img\"><img decoding=\"async\" class=\"lazyload aligncenter\" src=\"https:\/\/eac.ee\/wp-content\/uploads\/2021\/07\/1627371471340-680x454.jpeg\" data-sizes=\"auto\" data-src=\"https:\/\/eac.ee\/wp-content\/uploads\/2021\/07\/1627371471340-1024x683.jpeg\" data-srcset=\"https:\/\/eac.ee\/wp-content\/uploads\/2021\/07\/1627371471340.jpeg 2048w, https:\/\/eac.ee\/wp-content\/uploads\/2021\/07\/1627371471340.jpeg 1920w, https:\/\/eac.ee\/wp-content\/uploads\/2021\/07\/1627371471340-1024x683.jpeg 1024w, https:\/\/eac.ee\/wp-content\/uploads\/2021\/07\/1627371471340-680x454.jpeg 680w\" \/><\/div>\n<\/div>\n","protected":false},"author":9,"featured_media":1361,"template":"","tax_news":[70],"class_list":["post-1360","news","type-news","status-publish","has-post-thumbnail","hentry","tax_news-lennundusstrateegia"],"acf":[],"yoast_head":"<!-- This site is optimized with the Yoast SEO plugin v27.4 - https:\/\/yoast.com\/product\/yoast-seo-wordpress\/ -->\n<title>Eesti on rohelistele v\u00e4ikelennukitele avatud &#8211; Estonian Aviation Cluster<\/title>\n<meta name=\"robots\" content=\"index, follow, max-snippet:-1, max-image-preview:large, max-video-preview:-1\" \/>\n<link rel=\"canonical\" href=\"https:\/\/eac.ee\/et\/uudised\/eesti-on-rohelistele-vaikelennukitele-avatud\/\" \/>\n<meta property=\"og:locale\" content=\"et_EE\" \/>\n<meta property=\"og:type\" content=\"article\" \/>\n<meta property=\"og:title\" content=\"Eesti on rohelistele v\u00e4ikelennukitele avatud &#8211; Estonian Aviation Cluster\" \/>\n<meta property=\"og:description\" content=\"28.07.2021 Eelmisel reedel J\u00f5hvi Kontserdimajas regionaallennunduse teemadele p\u00fchendatud konverentsil arutati regionaallennunduse hetkeolukorda ja arengusuundi. Konverentsi ja Lennup\u00e4eva korraldajate arvates peaks regionaallennundus olema riiklik prioriteet. \u201eEesti \u00f5hu-uks on n\u00fc\u00fcd lahti. Omavalitsusjuhid on hakanud m\u00f5istma, et h\u00e4stitoimiv lennuv\u00e4li on sama elut\u00e4htis nagu on asfalteeritud tee,\u201c \u00fctles konverentsi peakorraldaja, Diamond Sky tegevjuht Ken Koort oma avas\u00f5nas. Lennundus vajab [&hellip;]\" \/>\n<meta property=\"og:url\" content=\"https:\/\/eac.ee\/et\/uudised\/eesti-on-rohelistele-vaikelennukitele-avatud\/\" \/>\n<meta property=\"og:site_name\" content=\"Estonian Aviation Cluster\" \/>\n<meta property=\"article:modified_time\" content=\"2021-07-28T13:18:14+00:00\" \/>\n<meta property=\"og:image\" content=\"https:\/\/eac.ee\/wp-content\/uploads\/2021\/07\/1627371471340.jpeg\" \/>\n\t<meta property=\"og:image:width\" content=\"1619\" \/>\n\t<meta property=\"og:image:height\" content=\"1080\" \/>\n\t<meta property=\"og:image:type\" content=\"image\/jpeg\" \/>\n<meta name=\"twitter:card\" content=\"summary_large_image\" \/>\n<meta name=\"twitter:label1\" content=\"Est. reading time\" \/>\n\t<meta name=\"twitter:data1\" content=\"2 minutit\" \/>\n<script type=\"application\/ld+json\" class=\"yoast-schema-graph\">{\"@context\":\"https:\\\/\\\/schema.org\",\"@graph\":[{\"@type\":\"WebPage\",\"@id\":\"https:\\\/\\\/eac.ee\\\/et\\\/uudised\\\/eesti-on-rohelistele-vaikelennukitele-avatud\\\/\",\"url\":\"https:\\\/\\\/eac.ee\\\/et\\\/uudised\\\/eesti-on-rohelistele-vaikelennukitele-avatud\\\/\",\"name\":\"Eesti on rohelistele v\u00e4ikelennukitele avatud &#8211; Estonian Aviation Cluster\",\"isPartOf\":{\"@id\":\"https:\\\/\\\/eac.ee\\\/#website\"},\"primaryImageOfPage\":{\"@id\":\"https:\\\/\\\/eac.ee\\\/et\\\/uudised\\\/eesti-on-rohelistele-vaikelennukitele-avatud\\\/#primaryimage\"},\"image\":{\"@id\":\"https:\\\/\\\/eac.ee\\\/et\\\/uudised\\\/eesti-on-rohelistele-vaikelennukitele-avatud\\\/#primaryimage\"},\"thumbnailUrl\":\"https:\\\/\\\/eac.ee\\\/wp-content\\\/uploads\\\/2021\\\/07\\\/1627371471340.jpeg\",\"datePublished\":\"2021-07-28T11:47:30+00:00\",\"dateModified\":\"2021-07-28T13:18:14+00:00\",\"breadcrumb\":{\"@id\":\"https:\\\/\\\/eac.ee\\\/et\\\/uudised\\\/eesti-on-rohelistele-vaikelennukitele-avatud\\\/#breadcrumb\"},\"inLanguage\":\"et\",\"potentialAction\":[{\"@type\":\"ReadAction\",\"target\":[\"https:\\\/\\\/eac.ee\\\/et\\\/uudised\\\/eesti-on-rohelistele-vaikelennukitele-avatud\\\/\"]}]},{\"@type\":\"ImageObject\",\"inLanguage\":\"et\",\"@id\":\"https:\\\/\\\/eac.ee\\\/et\\\/uudised\\\/eesti-on-rohelistele-vaikelennukitele-avatud\\\/#primaryimage\",\"url\":\"https:\\\/\\\/eac.ee\\\/wp-content\\\/uploads\\\/2021\\\/07\\\/1627371471340.jpeg\",\"contentUrl\":\"https:\\\/\\\/eac.ee\\\/wp-content\\\/uploads\\\/2021\\\/07\\\/1627371471340.jpeg\",\"width\":1619,\"height\":1080},{\"@type\":\"BreadcrumbList\",\"@id\":\"https:\\\/\\\/eac.ee\\\/et\\\/uudised\\\/eesti-on-rohelistele-vaikelennukitele-avatud\\\/#breadcrumb\",\"itemListElement\":[{\"@type\":\"ListItem\",\"position\":1,\"name\":\"Home\",\"item\":\"https:\\\/\\\/eac.ee\\\/et\\\/\"},{\"@type\":\"ListItem\",\"position\":2,\"name\":\"Eesti on rohelistele v\u00e4ikelennukitele avatud\"}]},{\"@type\":\"WebSite\",\"@id\":\"https:\\\/\\\/eac.ee\\\/#website\",\"url\":\"https:\\\/\\\/eac.ee\\\/\",\"name\":\"Estonian Aviation Cluster\",\"description\":\"\",\"potentialAction\":[{\"@type\":\"SearchAction\",\"target\":{\"@type\":\"EntryPoint\",\"urlTemplate\":\"https:\\\/\\\/eac.ee\\\/?s={search_term_string}\"},\"query-input\":{\"@type\":\"PropertyValueSpecification\",\"valueRequired\":true,\"valueName\":\"search_term_string\"}}],\"inLanguage\":\"et\"}]}<\/script>\n<!-- \/ Yoast SEO plugin. -->","yoast_head_json":{"title":"Eesti on rohelistele v\u00e4ikelennukitele avatud &#8211; Estonian Aviation Cluster","robots":{"index":"index","follow":"follow","max-snippet":"max-snippet:-1","max-image-preview":"max-image-preview:large","max-video-preview":"max-video-preview:-1"},"canonical":"https:\/\/eac.ee\/et\/uudised\/eesti-on-rohelistele-vaikelennukitele-avatud\/","og_locale":"et_EE","og_type":"article","og_title":"Eesti on rohelistele v\u00e4ikelennukitele avatud &#8211; Estonian Aviation Cluster","og_description":"28.07.2021 Eelmisel reedel J\u00f5hvi Kontserdimajas regionaallennunduse teemadele p\u00fchendatud konverentsil arutati regionaallennunduse hetkeolukorda ja arengusuundi. Konverentsi ja Lennup\u00e4eva korraldajate arvates peaks regionaallennundus olema riiklik prioriteet. \u201eEesti \u00f5hu-uks on n\u00fc\u00fcd lahti. Omavalitsusjuhid on hakanud m\u00f5istma, et h\u00e4stitoimiv lennuv\u00e4li on sama elut\u00e4htis nagu on asfalteeritud tee,\u201c \u00fctles konverentsi peakorraldaja, Diamond Sky tegevjuht Ken Koort oma avas\u00f5nas. Lennundus vajab [&hellip;]","og_url":"https:\/\/eac.ee\/et\/uudised\/eesti-on-rohelistele-vaikelennukitele-avatud\/","og_site_name":"Estonian Aviation Cluster","article_modified_time":"2021-07-28T13:18:14+00:00","og_image":[{"width":1619,"height":1080,"url":"https:\/\/eac.ee\/wp-content\/uploads\/2021\/07\/1627371471340.jpeg","type":"image\/jpeg"}],"twitter_card":"summary_large_image","twitter_misc":{"Est. reading time":"2 minutit"},"schema":{"@context":"https:\/\/schema.org","@graph":[{"@type":"WebPage","@id":"https:\/\/eac.ee\/et\/uudised\/eesti-on-rohelistele-vaikelennukitele-avatud\/","url":"https:\/\/eac.ee\/et\/uudised\/eesti-on-rohelistele-vaikelennukitele-avatud\/","name":"Eesti on rohelistele v\u00e4ikelennukitele avatud &#8211; Estonian Aviation Cluster","isPartOf":{"@id":"https:\/\/eac.ee\/#website"},"primaryImageOfPage":{"@id":"https:\/\/eac.ee\/et\/uudised\/eesti-on-rohelistele-vaikelennukitele-avatud\/#primaryimage"},"image":{"@id":"https:\/\/eac.ee\/et\/uudised\/eesti-on-rohelistele-vaikelennukitele-avatud\/#primaryimage"},"thumbnailUrl":"https:\/\/eac.ee\/wp-content\/uploads\/2021\/07\/1627371471340.jpeg","datePublished":"2021-07-28T11:47:30+00:00","dateModified":"2021-07-28T13:18:14+00:00","breadcrumb":{"@id":"https:\/\/eac.ee\/et\/uudised\/eesti-on-rohelistele-vaikelennukitele-avatud\/#breadcrumb"},"inLanguage":"et","potentialAction":[{"@type":"ReadAction","target":["https:\/\/eac.ee\/et\/uudised\/eesti-on-rohelistele-vaikelennukitele-avatud\/"]}]},{"@type":"ImageObject","inLanguage":"et","@id":"https:\/\/eac.ee\/et\/uudised\/eesti-on-rohelistele-vaikelennukitele-avatud\/#primaryimage","url":"https:\/\/eac.ee\/wp-content\/uploads\/2021\/07\/1627371471340.jpeg","contentUrl":"https:\/\/eac.ee\/wp-content\/uploads\/2021\/07\/1627371471340.jpeg","width":1619,"height":1080},{"@type":"BreadcrumbList","@id":"https:\/\/eac.ee\/et\/uudised\/eesti-on-rohelistele-vaikelennukitele-avatud\/#breadcrumb","itemListElement":[{"@type":"ListItem","position":1,"name":"Home","item":"https:\/\/eac.ee\/et\/"},{"@type":"ListItem","position":2,"name":"Eesti on rohelistele v\u00e4ikelennukitele avatud"}]},{"@type":"WebSite","@id":"https:\/\/eac.ee\/#website","url":"https:\/\/eac.ee\/","name":"Estonian Aviation Cluster","description":"","potentialAction":[{"@type":"SearchAction","target":{"@type":"EntryPoint","urlTemplate":"https:\/\/eac.ee\/?s={search_term_string}"},"query-input":{"@type":"PropertyValueSpecification","valueRequired":true,"valueName":"search_term_string"}}],"inLanguage":"et"}]}},"_links":{"self":[{"href":"https:\/\/eac.ee\/et\/wp-json\/wp\/v2\/news\/1360","targetHints":{"allow":["GET"]}}],"collection":[{"href":"https:\/\/eac.ee\/et\/wp-json\/wp\/v2\/news"}],"about":[{"href":"https:\/\/eac.ee\/et\/wp-json\/wp\/v2\/types\/news"}],"author":[{"embeddable":true,"href":"https:\/\/eac.ee\/et\/wp-json\/wp\/v2\/users\/9"}],"wp:featuredmedia":[{"embeddable":true,"href":"https:\/\/eac.ee\/et\/wp-json\/wp\/v2\/media\/1361"}],"wp:attachment":[{"href":"https:\/\/eac.ee\/et\/wp-json\/wp\/v2\/media?parent=1360"}],"wp:term":[{"taxonomy":"tax_news","embeddable":true,"href":"https:\/\/eac.ee\/et\/wp-json\/wp\/v2\/tax_news?post=1360"}],"curies":[{"name":"wp","href":"https:\/\/api.w.org\/{rel}","templated":true}]}}