{"id":1450,"date":"2021-11-09T14:19:14","date_gmt":"2021-11-09T12:19:14","guid":{"rendered":"https:\/\/eac.ee\/?post_type=news&#038;p=1450"},"modified":"2021-11-09T14:47:25","modified_gmt":"2021-11-09T12:47:25","slug":"martsis-taastub-lennuuhendus-tartu-ja-helsingi-vahel","status":"publish","type":"news","link":"https:\/\/eac.ee\/et\/uudised\/martsis-taastub-lennuuhendus-tartu-ja-helsingi-vahel\/","title":{"rendered":"M\u00e4rtsis taastub lennu\u00fchendus Tartu ja Helsingi vahel"},"content":{"rendered":"<p><b>T\u00e4na,\u00a009.11.2021, teatas Finnair, et taastab alates 28.\u00a0m<\/b><b>\u00e4rtsist\u00a0<\/b><b>2022\u00a0lennu\u00fchenduse Tartu ja Helsingi vahel.\u00a0<\/b><\/p>\n<p>Lennud Tartu ja Helsingi vahel hakkavad toimuma viis korda n\u00e4dalas, pakkudes v\u00f5imalusi nii \u00e4ri- kui puhkusereisidele. Esmasp\u00e4eviti, kolmap\u00e4eviti ja reedeti hakkavad lennud toimuma \u00f5htusel ajal,\u00a0v\u00f5imaldades j\u00e4tkulende Finnairi hilis\u00f5htusesse lainesse Aasia, Skandinaavia ja Soome siseriiklikele liinidele.\u00a0Teisip\u00e4eviti ja neljap\u00e4eviti\u00a0toimuvad lennud\u00a0p\u00e4evasel ajal, mis pakuvad mugavat \u00fcmberistumist ja j\u00e4tkulendudele suundumise v\u00f5imalust Finnairi Euroopa liiniv\u00f5rgustikuga ning Aasia suunal.<\/p>\n<p>Tallinna lennujaama kommertsjuhi <b>Eero P\u00e4rgm\u00e4e<\/b> s\u00f5nul\u00a0on\u00a0liini taastumise taga koost\u00f6\u00f6 ning \u00fchise eesm\u00e4rgi nimel pingutame.\u00a0\u201eOn hea meel, et\u00a0saame\u00a0eelmisel aastal pandeemia t\u00f5ttu katkenud lennu\u00fchenduse\u00a0j\u00e4rgmisel aastal taasavada. T\u00e4name ja tunnustame Tartu linna, kes\u00a0on kogu selle keerulise perioodi jooksul n\u00e4idanud \u00fcles kindlat soovi lennuliiklus taastada ning on j\u00e4tkuvalt valmis seda ka toetama. Lisaks linna toetusele on meile oluline ka see, et riik\u00a0j\u00e4tkab regionaalsete\u00a0lennujaamade toetamist,\u00a0mis v\u00f5imaldas Tartus hoida valmisolekut lendude taasavamiseks,\u201d r\u00e4\u00e4kis P\u00e4rgm\u00e4e ning lisas, et kindlust liini edukuse kohta on andnud\u00a0pandeemiaeelse aja hea t\u00e4ituvus aga ka\u00a0j\u00e4rjepidevad p\u00e4ringud ja k\u00fcsimused lennu\u00fchenduse taastumise\u00a0kohta\u00a0Tartust.<\/p>\n<p>\u201eFinnair on piiratud oludes v\u00e4lja pakkunud paindliku lahenduse, mis katab nii \u00e4rikliendi kui turisti vajadusi,\u201c avaldas lennuliini taasavamise \u00fcle heameelt Tartu linnapea <b>Urmas Klaas<\/b>. \u201eOleme v\u00e4ga t\u00e4nulikud nii Finnairile kui Tallinna lennujaamale stabiilse koost\u00f6\u00f6 ja toe eest, t\u00e4nu millele saab Tartu juba m\u00e4rtsi l\u00f5pust endale taas rahvusvahelise lennu\u00fchenduse,\u201c lisas ta.<\/p>\n<p>Tartu-Helsingi liini hakkab lendama Finnairi 70-kohaline lennuk ATR-72.<\/p>\n<p><i>Rohkem infot\u202flennugraafikute ja\u202fpiletite kohta saab\u00a0<\/i><a href=\"https:\/\/www.finnair.com\/ee-et\"><i>Finnairi kodulehelt<\/i><\/a><i>.\u00a0<\/i><\/p>\n","protected":false},"author":9,"featured_media":652,"template":"","tax_news":[43],"class_list":["post-1450","news","type-news","status-publish","has-post-thumbnail","hentry","tax_news-lennujaam"],"acf":[],"yoast_head":"<!-- This site is optimized with the Yoast SEO plugin v27.4 - https:\/\/yoast.com\/product\/yoast-seo-wordpress\/ -->\n<title>M\u00e4rtsis taastub lennu\u00fchendus Tartu ja Helsingi vahel &#8211; Estonian Aviation Cluster<\/title>\n<meta name=\"robots\" content=\"index, follow, max-snippet:-1, max-image-preview:large, max-video-preview:-1\" \/>\n<link rel=\"canonical\" href=\"https:\/\/eac.ee\/et\/uudised\/martsis-taastub-lennuuhendus-tartu-ja-helsingi-vahel\/\" \/>\n<meta property=\"og:locale\" content=\"et_EE\" \/>\n<meta property=\"og:type\" content=\"article\" \/>\n<meta property=\"og:title\" content=\"M\u00e4rtsis taastub lennu\u00fchendus Tartu ja Helsingi vahel &#8211; Estonian Aviation Cluster\" \/>\n<meta property=\"og:description\" content=\"T\u00e4na,\u00a009.11.2021, teatas Finnair, et taastab alates 28.\u00a0m\u00e4rtsist\u00a02022\u00a0lennu\u00fchenduse Tartu ja Helsingi vahel.\u00a0 Lennud Tartu ja Helsingi vahel hakkavad toimuma viis korda n\u00e4dalas, pakkudes v\u00f5imalusi nii \u00e4ri- kui puhkusereisidele. Esmasp\u00e4eviti, kolmap\u00e4eviti ja reedeti hakkavad lennud toimuma \u00f5htusel ajal,\u00a0v\u00f5imaldades j\u00e4tkulende Finnairi hilis\u00f5htusesse lainesse Aasia, Skandinaavia ja Soome siseriiklikele liinidele.\u00a0Teisip\u00e4eviti ja neljap\u00e4eviti\u00a0toimuvad lennud\u00a0p\u00e4evasel ajal, mis pakuvad mugavat \u00fcmberistumist ja [&hellip;]\" \/>\n<meta property=\"og:url\" content=\"https:\/\/eac.ee\/et\/uudised\/martsis-taastub-lennuuhendus-tartu-ja-helsingi-vahel\/\" \/>\n<meta property=\"og:site_name\" content=\"Estonian Aviation Cluster\" \/>\n<meta property=\"article:modified_time\" content=\"2021-11-09T12:47:25+00:00\" \/>\n<meta property=\"og:image\" content=\"https:\/\/eac.ee\/wp-content\/uploads\/2019\/12\/Still-kaader.jpg\" \/>\n\t<meta property=\"og:image:width\" content=\"1570\" \/>\n\t<meta property=\"og:image:height\" content=\"540\" \/>\n\t<meta property=\"og:image:type\" content=\"image\/jpeg\" \/>\n<meta name=\"twitter:card\" content=\"summary_large_image\" \/>\n<meta name=\"twitter:label1\" content=\"Est. reading time\" \/>\n\t<meta name=\"twitter:data1\" content=\"1 minut\" \/>\n<script type=\"application\/ld+json\" class=\"yoast-schema-graph\">{\"@context\":\"https:\\\/\\\/schema.org\",\"@graph\":[{\"@type\":\"WebPage\",\"@id\":\"https:\\\/\\\/eac.ee\\\/et\\\/uudised\\\/martsis-taastub-lennuuhendus-tartu-ja-helsingi-vahel\\\/\",\"url\":\"https:\\\/\\\/eac.ee\\\/et\\\/uudised\\\/martsis-taastub-lennuuhendus-tartu-ja-helsingi-vahel\\\/\",\"name\":\"M\u00e4rtsis taastub lennu\u00fchendus Tartu ja Helsingi vahel &#8211; Estonian Aviation Cluster\",\"isPartOf\":{\"@id\":\"https:\\\/\\\/eac.ee\\\/#website\"},\"primaryImageOfPage\":{\"@id\":\"https:\\\/\\\/eac.ee\\\/et\\\/uudised\\\/martsis-taastub-lennuuhendus-tartu-ja-helsingi-vahel\\\/#primaryimage\"},\"image\":{\"@id\":\"https:\\\/\\\/eac.ee\\\/et\\\/uudised\\\/martsis-taastub-lennuuhendus-tartu-ja-helsingi-vahel\\\/#primaryimage\"},\"thumbnailUrl\":\"https:\\\/\\\/eac.ee\\\/wp-content\\\/uploads\\\/2019\\\/12\\\/Still-kaader.jpg\",\"datePublished\":\"2021-11-09T12:19:14+00:00\",\"dateModified\":\"2021-11-09T12:47:25+00:00\",\"breadcrumb\":{\"@id\":\"https:\\\/\\\/eac.ee\\\/et\\\/uudised\\\/martsis-taastub-lennuuhendus-tartu-ja-helsingi-vahel\\\/#breadcrumb\"},\"inLanguage\":\"et\",\"potentialAction\":[{\"@type\":\"ReadAction\",\"target\":[\"https:\\\/\\\/eac.ee\\\/et\\\/uudised\\\/martsis-taastub-lennuuhendus-tartu-ja-helsingi-vahel\\\/\"]}]},{\"@type\":\"ImageObject\",\"inLanguage\":\"et\",\"@id\":\"https:\\\/\\\/eac.ee\\\/et\\\/uudised\\\/martsis-taastub-lennuuhendus-tartu-ja-helsingi-vahel\\\/#primaryimage\",\"url\":\"https:\\\/\\\/eac.ee\\\/wp-content\\\/uploads\\\/2019\\\/12\\\/Still-kaader.jpg\",\"contentUrl\":\"https:\\\/\\\/eac.ee\\\/wp-content\\\/uploads\\\/2019\\\/12\\\/Still-kaader.jpg\",\"width\":1570,\"height\":540},{\"@type\":\"BreadcrumbList\",\"@id\":\"https:\\\/\\\/eac.ee\\\/et\\\/uudised\\\/martsis-taastub-lennuuhendus-tartu-ja-helsingi-vahel\\\/#breadcrumb\",\"itemListElement\":[{\"@type\":\"ListItem\",\"position\":1,\"name\":\"Home\",\"item\":\"https:\\\/\\\/eac.ee\\\/et\\\/\"},{\"@type\":\"ListItem\",\"position\":2,\"name\":\"M\u00e4rtsis taastub lennu\u00fchendus Tartu ja Helsingi vahel\"}]},{\"@type\":\"WebSite\",\"@id\":\"https:\\\/\\\/eac.ee\\\/#website\",\"url\":\"https:\\\/\\\/eac.ee\\\/\",\"name\":\"Estonian Aviation Cluster\",\"description\":\"\",\"potentialAction\":[{\"@type\":\"SearchAction\",\"target\":{\"@type\":\"EntryPoint\",\"urlTemplate\":\"https:\\\/\\\/eac.ee\\\/?s={search_term_string}\"},\"query-input\":{\"@type\":\"PropertyValueSpecification\",\"valueRequired\":true,\"valueName\":\"search_term_string\"}}],\"inLanguage\":\"et\"}]}<\/script>\n<!-- \/ Yoast SEO plugin. -->","yoast_head_json":{"title":"M\u00e4rtsis taastub lennu\u00fchendus Tartu ja Helsingi vahel &#8211; Estonian Aviation Cluster","robots":{"index":"index","follow":"follow","max-snippet":"max-snippet:-1","max-image-preview":"max-image-preview:large","max-video-preview":"max-video-preview:-1"},"canonical":"https:\/\/eac.ee\/et\/uudised\/martsis-taastub-lennuuhendus-tartu-ja-helsingi-vahel\/","og_locale":"et_EE","og_type":"article","og_title":"M\u00e4rtsis taastub lennu\u00fchendus Tartu ja Helsingi vahel &#8211; Estonian Aviation Cluster","og_description":"T\u00e4na,\u00a009.11.2021, teatas Finnair, et taastab alates 28.\u00a0m\u00e4rtsist\u00a02022\u00a0lennu\u00fchenduse Tartu ja Helsingi vahel.\u00a0 Lennud Tartu ja Helsingi vahel hakkavad toimuma viis korda n\u00e4dalas, pakkudes v\u00f5imalusi nii \u00e4ri- kui puhkusereisidele. Esmasp\u00e4eviti, kolmap\u00e4eviti ja reedeti hakkavad lennud toimuma \u00f5htusel ajal,\u00a0v\u00f5imaldades j\u00e4tkulende Finnairi hilis\u00f5htusesse lainesse Aasia, Skandinaavia ja Soome siseriiklikele liinidele.\u00a0Teisip\u00e4eviti ja neljap\u00e4eviti\u00a0toimuvad lennud\u00a0p\u00e4evasel ajal, mis pakuvad mugavat \u00fcmberistumist ja [&hellip;]","og_url":"https:\/\/eac.ee\/et\/uudised\/martsis-taastub-lennuuhendus-tartu-ja-helsingi-vahel\/","og_site_name":"Estonian Aviation Cluster","article_modified_time":"2021-11-09T12:47:25+00:00","og_image":[{"width":1570,"height":540,"url":"https:\/\/eac.ee\/wp-content\/uploads\/2019\/12\/Still-kaader.jpg","type":"image\/jpeg"}],"twitter_card":"summary_large_image","twitter_misc":{"Est. reading time":"1 minut"},"schema":{"@context":"https:\/\/schema.org","@graph":[{"@type":"WebPage","@id":"https:\/\/eac.ee\/et\/uudised\/martsis-taastub-lennuuhendus-tartu-ja-helsingi-vahel\/","url":"https:\/\/eac.ee\/et\/uudised\/martsis-taastub-lennuuhendus-tartu-ja-helsingi-vahel\/","name":"M\u00e4rtsis taastub lennu\u00fchendus Tartu ja Helsingi vahel &#8211; Estonian Aviation Cluster","isPartOf":{"@id":"https:\/\/eac.ee\/#website"},"primaryImageOfPage":{"@id":"https:\/\/eac.ee\/et\/uudised\/martsis-taastub-lennuuhendus-tartu-ja-helsingi-vahel\/#primaryimage"},"image":{"@id":"https:\/\/eac.ee\/et\/uudised\/martsis-taastub-lennuuhendus-tartu-ja-helsingi-vahel\/#primaryimage"},"thumbnailUrl":"https:\/\/eac.ee\/wp-content\/uploads\/2019\/12\/Still-kaader.jpg","datePublished":"2021-11-09T12:19:14+00:00","dateModified":"2021-11-09T12:47:25+00:00","breadcrumb":{"@id":"https:\/\/eac.ee\/et\/uudised\/martsis-taastub-lennuuhendus-tartu-ja-helsingi-vahel\/#breadcrumb"},"inLanguage":"et","potentialAction":[{"@type":"ReadAction","target":["https:\/\/eac.ee\/et\/uudised\/martsis-taastub-lennuuhendus-tartu-ja-helsingi-vahel\/"]}]},{"@type":"ImageObject","inLanguage":"et","@id":"https:\/\/eac.ee\/et\/uudised\/martsis-taastub-lennuuhendus-tartu-ja-helsingi-vahel\/#primaryimage","url":"https:\/\/eac.ee\/wp-content\/uploads\/2019\/12\/Still-kaader.jpg","contentUrl":"https:\/\/eac.ee\/wp-content\/uploads\/2019\/12\/Still-kaader.jpg","width":1570,"height":540},{"@type":"BreadcrumbList","@id":"https:\/\/eac.ee\/et\/uudised\/martsis-taastub-lennuuhendus-tartu-ja-helsingi-vahel\/#breadcrumb","itemListElement":[{"@type":"ListItem","position":1,"name":"Home","item":"https:\/\/eac.ee\/et\/"},{"@type":"ListItem","position":2,"name":"M\u00e4rtsis taastub lennu\u00fchendus Tartu ja Helsingi vahel"}]},{"@type":"WebSite","@id":"https:\/\/eac.ee\/#website","url":"https:\/\/eac.ee\/","name":"Estonian Aviation Cluster","description":"","potentialAction":[{"@type":"SearchAction","target":{"@type":"EntryPoint","urlTemplate":"https:\/\/eac.ee\/?s={search_term_string}"},"query-input":{"@type":"PropertyValueSpecification","valueRequired":true,"valueName":"search_term_string"}}],"inLanguage":"et"}]}},"_links":{"self":[{"href":"https:\/\/eac.ee\/et\/wp-json\/wp\/v2\/news\/1450","targetHints":{"allow":["GET"]}}],"collection":[{"href":"https:\/\/eac.ee\/et\/wp-json\/wp\/v2\/news"}],"about":[{"href":"https:\/\/eac.ee\/et\/wp-json\/wp\/v2\/types\/news"}],"author":[{"embeddable":true,"href":"https:\/\/eac.ee\/et\/wp-json\/wp\/v2\/users\/9"}],"wp:featuredmedia":[{"embeddable":true,"href":"https:\/\/eac.ee\/et\/wp-json\/wp\/v2\/media\/652"}],"wp:attachment":[{"href":"https:\/\/eac.ee\/et\/wp-json\/wp\/v2\/media?parent=1450"}],"wp:term":[{"taxonomy":"tax_news","embeddable":true,"href":"https:\/\/eac.ee\/et\/wp-json\/wp\/v2\/tax_news?post=1450"}],"curies":[{"name":"wp","href":"https:\/\/api.w.org\/{rel}","templated":true}]}}