{"id":1516,"date":"2022-02-07T10:33:31","date_gmt":"2022-02-07T08:33:31","guid":{"rendered":"https:\/\/eac.ee\/?post_type=news&#038;p=1516"},"modified":"2022-02-07T10:33:31","modified_gmt":"2022-02-07T08:33:31","slug":"jaanuaris-labis-tallinna-lennujaama-132%e2%80%af546-reisijat","status":"publish","type":"news","link":"https:\/\/eac.ee\/et\/uudised\/jaanuaris-labis-tallinna-lennujaama-132%e2%80%af546-reisijat\/","title":{"rendered":"Jaanuaris l\u00e4bis Tallinna lennujaama 132\u202f546 reisijat"},"content":{"rendered":"<p><strong>Jaanuaris l\u00e4bis Tallinna lennujaama 132\u202f546\u00a0reisijat, mida on ligi viis korda rohkem kui eelmise aasta jaanuaris. Kriisieelse\u00a0ajaga\u00a0v\u00f5rreldes j\u00e4i reisijate arv 65% tasemele.\u00a0\u00a0<\/strong><\/p>\n<p>Tallinna lennujaama kommertsjuhi<strong>\u00a0Eero P\u00e4rgm\u00e4e<\/strong>\u00a0s\u00f5nul on\u00a0aasta algus\u00a0alati olnud reisimise m\u00f5ttes madalhooaeg, kuid selle aasta jaanuari tulemused j\u00e4id ka\u00a0prognoositust\u00a0veidi\u00a0madalamaks. \u201eOmikroni\u00a0laialdane levik ja sellest tingitud uus laine t\u00f5i endaga kaasa n\u00f5udluse languse ja sellega seoses ka\u00a0h\u00f5redama\u00a0lennuplaani.\u00a0Regulaarlendude t\u00e4ituvus oli jaanuaris tagasihoidlik, j\u00e4\u00e4des keskmiselt 52%\u00a0juurde,\u201c\u00a0r\u00e4\u00e4kis P\u00e4rgm\u00e4e kuid lisas, et samas on jaanuari tulemus hetke olukorda arvestades v\u00e4ga hea. \u201eKiita tuleb ka lennufirmasid, kes\u00a0vaatamata madalale n\u00f5udlusele ei j\u00e4ta kergek\u00e4eliselt lende \u00e4ra, vaid lendavad siiski oma lubatud mahu t\u00e4is ning aitavad sellega hoida ka sihtkohtade mitmekesisust&#8221;.<\/p>\n<p>Siiski r\u00f5hutas P\u00e4rgm\u00e4e, et t\u00e4na liiguvad paljud Euroopa Liidu riigid\u00a0piirangute leevendamise suunas, mis loodetavasti m\u00f5jub positiivselt ka reisijate ja lennuoperatsioonide arvule. \u201eKevadesse vaatame optimistlikult ning n\u00e4eme vastu kevadet ja suve kindlasti reisimise hoogsat kasvu. Lumine talv on vahva, aga meil on vaja vahepeal soojas patareisid laadida\u00a0ja paketireiside vastu on n\u00f5udlus\u00a0aina\u00a0suurenemas, samuti soojemate liinilendude sihtkohtade vastu,\u201d lisas P\u00e4rgm\u00e4e.<\/p>\n<p>Regulaarlennud toimusid jaanuaris 33 erinevasse sihtkohta.\u00a0K\u00f5ige rohkem lennati otselendudel\u00a0suurematesse s\u00f5lmjaamadesse\u00a0Helsingisse, Frankfurti, Riiga ja Stockholmi, mida kasutas\u00a0kolmandik k\u00f5ikidest reisijatest. Regulaarlende teostas 12 lennufirmat,\u00a0kelle hulgast\u00a0suurimad olid Air Baltic 22% ja Ryanair 20% turuosaga.\u00a0T\u0161arterreisijad suundusid puhkama Egiptusesse ja Kanaari saartele.<\/p>\n<p>Jaanuaris toimus kokku\u00a02582\u00a0lennuoperatsiooni, mis teeb keskmiselt\u00a083\u00a0maandumist ja\u00a0\u00f5hkut\u00f5usu\u00a0p\u00e4evas.<\/p>\n<p><em>Tallinna lennujaam on Eesti riigile kuuluv suurim lennujaam, mis on tuntust kogunud maailma koduseima lennujaamana ning on korduvalt valitud \u00fcheks parima teenindusega lennujaamaks Euroopas.\u00a02021.\u00a0aastal\u00a0l\u00e4bis lennujaama 1,3 mln reisijat ning 2022. aastal liigub ettev\u00f5te eesm\u00e4rgi suunas teenindada aasta l\u00f5puks 2,5 mln reisijat.\u00a0<\/em><em>\u00a0<\/em><\/p>\n","protected":false},"author":9,"featured_media":1451,"template":"","tax_news":[43],"class_list":["post-1516","news","type-news","status-publish","has-post-thumbnail","hentry","tax_news-lennujaam"],"acf":[],"yoast_head":"<!-- This site is optimized with the Yoast SEO plugin v27.4 - https:\/\/yoast.com\/product\/yoast-seo-wordpress\/ -->\n<title>Jaanuaris l\u00e4bis Tallinna lennujaama 132\u202f546 reisijat &#8211; Estonian Aviation Cluster<\/title>\n<meta name=\"robots\" content=\"index, follow, max-snippet:-1, max-image-preview:large, max-video-preview:-1\" \/>\n<link rel=\"canonical\" href=\"https:\/\/eac.ee\/et\/news\/jaanuaris-labis-tallinna-lennujaama-132\u202f546-reisijat\/\" \/>\n<meta property=\"og:locale\" content=\"et_EE\" \/>\n<meta property=\"og:type\" content=\"article\" \/>\n<meta property=\"og:title\" content=\"Jaanuaris l\u00e4bis Tallinna lennujaama 132\u202f546 reisijat &#8211; Estonian Aviation Cluster\" \/>\n<meta property=\"og:description\" content=\"Jaanuaris l\u00e4bis Tallinna lennujaama 132\u202f546\u00a0reisijat, mida on ligi viis korda rohkem kui eelmise aasta jaanuaris. Kriisieelse\u00a0ajaga\u00a0v\u00f5rreldes j\u00e4i reisijate arv 65% tasemele.\u00a0\u00a0 Tallinna lennujaama kommertsjuhi\u00a0Eero P\u00e4rgm\u00e4e\u00a0s\u00f5nul on\u00a0aasta algus\u00a0alati olnud reisimise m\u00f5ttes madalhooaeg, kuid selle aasta jaanuari tulemused j\u00e4id ka\u00a0prognoositust\u00a0veidi\u00a0madalamaks. \u201eOmikroni\u00a0laialdane levik ja sellest tingitud uus laine t\u00f5i endaga kaasa n\u00f5udluse languse ja sellega seoses ka\u00a0h\u00f5redama\u00a0lennuplaani.\u00a0Regulaarlendude t\u00e4ituvus [&hellip;]\" \/>\n<meta property=\"og:url\" content=\"https:\/\/eac.ee\/et\/news\/jaanuaris-labis-tallinna-lennujaama-132\u202f546-reisijat\/\" \/>\n<meta property=\"og:site_name\" content=\"Estonian Aviation Cluster\" \/>\n<meta property=\"og:image\" content=\"https:\/\/eac.ee\/wp-content\/uploads\/2021\/11\/DJI_0446-scaled.jpg\" \/>\n\t<meta property=\"og:image:width\" content=\"2560\" \/>\n\t<meta property=\"og:image:height\" content=\"1707\" \/>\n\t<meta property=\"og:image:type\" content=\"image\/jpeg\" \/>\n<meta name=\"twitter:card\" content=\"summary_large_image\" \/>\n<meta name=\"twitter:label1\" content=\"Est. reading time\" \/>\n\t<meta name=\"twitter:data1\" content=\"2 minutit\" \/>\n<script type=\"application\/ld+json\" class=\"yoast-schema-graph\">{\"@context\":\"https:\\\/\\\/schema.org\",\"@graph\":[{\"@type\":\"WebPage\",\"@id\":\"https:\\\/\\\/eac.ee\\\/et\\\/news\\\/jaanuaris-labis-tallinna-lennujaama-132%e2%80%af546-reisijat\\\/\",\"url\":\"https:\\\/\\\/eac.ee\\\/et\\\/news\\\/jaanuaris-labis-tallinna-lennujaama-132%e2%80%af546-reisijat\\\/\",\"name\":\"Jaanuaris l\u00e4bis Tallinna lennujaama 132\u202f546 reisijat &#8211; Estonian Aviation Cluster\",\"isPartOf\":{\"@id\":\"https:\\\/\\\/eac.ee\\\/#website\"},\"primaryImageOfPage\":{\"@id\":\"https:\\\/\\\/eac.ee\\\/et\\\/news\\\/jaanuaris-labis-tallinna-lennujaama-132%e2%80%af546-reisijat\\\/#primaryimage\"},\"image\":{\"@id\":\"https:\\\/\\\/eac.ee\\\/et\\\/news\\\/jaanuaris-labis-tallinna-lennujaama-132%e2%80%af546-reisijat\\\/#primaryimage\"},\"thumbnailUrl\":\"https:\\\/\\\/eac.ee\\\/wp-content\\\/uploads\\\/2021\\\/11\\\/DJI_0446-scaled.jpg\",\"datePublished\":\"2022-02-07T08:33:31+00:00\",\"breadcrumb\":{\"@id\":\"https:\\\/\\\/eac.ee\\\/et\\\/news\\\/jaanuaris-labis-tallinna-lennujaama-132%e2%80%af546-reisijat\\\/#breadcrumb\"},\"inLanguage\":\"et\",\"potentialAction\":[{\"@type\":\"ReadAction\",\"target\":[\"https:\\\/\\\/eac.ee\\\/et\\\/news\\\/jaanuaris-labis-tallinna-lennujaama-132%e2%80%af546-reisijat\\\/\"]}]},{\"@type\":\"ImageObject\",\"inLanguage\":\"et\",\"@id\":\"https:\\\/\\\/eac.ee\\\/et\\\/news\\\/jaanuaris-labis-tallinna-lennujaama-132%e2%80%af546-reisijat\\\/#primaryimage\",\"url\":\"https:\\\/\\\/eac.ee\\\/wp-content\\\/uploads\\\/2021\\\/11\\\/DJI_0446-scaled.jpg\",\"contentUrl\":\"https:\\\/\\\/eac.ee\\\/wp-content\\\/uploads\\\/2021\\\/11\\\/DJI_0446-scaled.jpg\",\"width\":2560,\"height\":1707,\"caption\":\"default\"},{\"@type\":\"BreadcrumbList\",\"@id\":\"https:\\\/\\\/eac.ee\\\/et\\\/news\\\/jaanuaris-labis-tallinna-lennujaama-132%e2%80%af546-reisijat\\\/#breadcrumb\",\"itemListElement\":[{\"@type\":\"ListItem\",\"position\":1,\"name\":\"Home\",\"item\":\"https:\\\/\\\/eac.ee\\\/et\\\/\"},{\"@type\":\"ListItem\",\"position\":2,\"name\":\"Jaanuaris l\u00e4bis Tallinna lennujaama 132\u202f546 reisijat\"}]},{\"@type\":\"WebSite\",\"@id\":\"https:\\\/\\\/eac.ee\\\/#website\",\"url\":\"https:\\\/\\\/eac.ee\\\/\",\"name\":\"Estonian Aviation Cluster\",\"description\":\"\",\"potentialAction\":[{\"@type\":\"SearchAction\",\"target\":{\"@type\":\"EntryPoint\",\"urlTemplate\":\"https:\\\/\\\/eac.ee\\\/?s={search_term_string}\"},\"query-input\":{\"@type\":\"PropertyValueSpecification\",\"valueRequired\":true,\"valueName\":\"search_term_string\"}}],\"inLanguage\":\"et\"}]}<\/script>\n<!-- \/ Yoast SEO plugin. -->","yoast_head_json":{"title":"Jaanuaris l\u00e4bis Tallinna lennujaama 132\u202f546 reisijat &#8211; Estonian Aviation Cluster","robots":{"index":"index","follow":"follow","max-snippet":"max-snippet:-1","max-image-preview":"max-image-preview:large","max-video-preview":"max-video-preview:-1"},"canonical":"https:\/\/eac.ee\/et\/news\/jaanuaris-labis-tallinna-lennujaama-132\u202f546-reisijat\/","og_locale":"et_EE","og_type":"article","og_title":"Jaanuaris l\u00e4bis Tallinna lennujaama 132\u202f546 reisijat &#8211; Estonian Aviation Cluster","og_description":"Jaanuaris l\u00e4bis Tallinna lennujaama 132\u202f546\u00a0reisijat, mida on ligi viis korda rohkem kui eelmise aasta jaanuaris. Kriisieelse\u00a0ajaga\u00a0v\u00f5rreldes j\u00e4i reisijate arv 65% tasemele.\u00a0\u00a0 Tallinna lennujaama kommertsjuhi\u00a0Eero P\u00e4rgm\u00e4e\u00a0s\u00f5nul on\u00a0aasta algus\u00a0alati olnud reisimise m\u00f5ttes madalhooaeg, kuid selle aasta jaanuari tulemused j\u00e4id ka\u00a0prognoositust\u00a0veidi\u00a0madalamaks. \u201eOmikroni\u00a0laialdane levik ja sellest tingitud uus laine t\u00f5i endaga kaasa n\u00f5udluse languse ja sellega seoses ka\u00a0h\u00f5redama\u00a0lennuplaani.\u00a0Regulaarlendude t\u00e4ituvus [&hellip;]","og_url":"https:\/\/eac.ee\/et\/news\/jaanuaris-labis-tallinna-lennujaama-132\u202f546-reisijat\/","og_site_name":"Estonian Aviation Cluster","og_image":[{"width":2560,"height":1707,"url":"https:\/\/eac.ee\/wp-content\/uploads\/2021\/11\/DJI_0446-scaled.jpg","type":"image\/jpeg"}],"twitter_card":"summary_large_image","twitter_misc":{"Est. reading time":"2 minutit"},"schema":{"@context":"https:\/\/schema.org","@graph":[{"@type":"WebPage","@id":"https:\/\/eac.ee\/et\/news\/jaanuaris-labis-tallinna-lennujaama-132%e2%80%af546-reisijat\/","url":"https:\/\/eac.ee\/et\/news\/jaanuaris-labis-tallinna-lennujaama-132%e2%80%af546-reisijat\/","name":"Jaanuaris l\u00e4bis Tallinna lennujaama 132\u202f546 reisijat &#8211; Estonian Aviation Cluster","isPartOf":{"@id":"https:\/\/eac.ee\/#website"},"primaryImageOfPage":{"@id":"https:\/\/eac.ee\/et\/news\/jaanuaris-labis-tallinna-lennujaama-132%e2%80%af546-reisijat\/#primaryimage"},"image":{"@id":"https:\/\/eac.ee\/et\/news\/jaanuaris-labis-tallinna-lennujaama-132%e2%80%af546-reisijat\/#primaryimage"},"thumbnailUrl":"https:\/\/eac.ee\/wp-content\/uploads\/2021\/11\/DJI_0446-scaled.jpg","datePublished":"2022-02-07T08:33:31+00:00","breadcrumb":{"@id":"https:\/\/eac.ee\/et\/news\/jaanuaris-labis-tallinna-lennujaama-132%e2%80%af546-reisijat\/#breadcrumb"},"inLanguage":"et","potentialAction":[{"@type":"ReadAction","target":["https:\/\/eac.ee\/et\/news\/jaanuaris-labis-tallinna-lennujaama-132%e2%80%af546-reisijat\/"]}]},{"@type":"ImageObject","inLanguage":"et","@id":"https:\/\/eac.ee\/et\/news\/jaanuaris-labis-tallinna-lennujaama-132%e2%80%af546-reisijat\/#primaryimage","url":"https:\/\/eac.ee\/wp-content\/uploads\/2021\/11\/DJI_0446-scaled.jpg","contentUrl":"https:\/\/eac.ee\/wp-content\/uploads\/2021\/11\/DJI_0446-scaled.jpg","width":2560,"height":1707,"caption":"default"},{"@type":"BreadcrumbList","@id":"https:\/\/eac.ee\/et\/news\/jaanuaris-labis-tallinna-lennujaama-132%e2%80%af546-reisijat\/#breadcrumb","itemListElement":[{"@type":"ListItem","position":1,"name":"Home","item":"https:\/\/eac.ee\/et\/"},{"@type":"ListItem","position":2,"name":"Jaanuaris l\u00e4bis Tallinna lennujaama 132\u202f546 reisijat"}]},{"@type":"WebSite","@id":"https:\/\/eac.ee\/#website","url":"https:\/\/eac.ee\/","name":"Estonian Aviation Cluster","description":"","potentialAction":[{"@type":"SearchAction","target":{"@type":"EntryPoint","urlTemplate":"https:\/\/eac.ee\/?s={search_term_string}"},"query-input":{"@type":"PropertyValueSpecification","valueRequired":true,"valueName":"search_term_string"}}],"inLanguage":"et"}]}},"_links":{"self":[{"href":"https:\/\/eac.ee\/et\/wp-json\/wp\/v2\/news\/1516","targetHints":{"allow":["GET"]}}],"collection":[{"href":"https:\/\/eac.ee\/et\/wp-json\/wp\/v2\/news"}],"about":[{"href":"https:\/\/eac.ee\/et\/wp-json\/wp\/v2\/types\/news"}],"author":[{"embeddable":true,"href":"https:\/\/eac.ee\/et\/wp-json\/wp\/v2\/users\/9"}],"wp:featuredmedia":[{"embeddable":true,"href":"https:\/\/eac.ee\/et\/wp-json\/wp\/v2\/media\/1451"}],"wp:attachment":[{"href":"https:\/\/eac.ee\/et\/wp-json\/wp\/v2\/media?parent=1516"}],"wp:term":[{"taxonomy":"tax_news","embeddable":true,"href":"https:\/\/eac.ee\/et\/wp-json\/wp\/v2\/tax_news?post=1516"}],"curies":[{"name":"wp","href":"https:\/\/api.w.org\/{rel}","templated":true}]}}