{"id":1687,"date":"2022-07-14T12:16:51","date_gmt":"2022-07-14T09:16:51","guid":{"rendered":"https:\/\/eac.ee\/?post_type=news&#038;p=1687"},"modified":"2022-07-14T12:18:30","modified_gmt":"2022-07-14T09:18:30","slug":"eesti-hakkab-koos-ettevotetega-airbus-helicopters-ja-international-sos-valja-tootama-jargmise-polvkonna-erakorralise-meditsiini-susteemi","status":"publish","type":"news","link":"https:\/\/eac.ee\/et\/uudised\/eesti-hakkab-koos-ettevotetega-airbus-helicopters-ja-international-sos-valja-tootama-jargmise-polvkonna-erakorralise-meditsiini-susteemi\/","title":{"rendered":"Eesti hakkab koos ettev\u00f5tetega Airbus Helicopters ja International SOS v\u00e4lja t\u00f6\u00f6tama j\u00e4rgmise p\u00f5lvkonna erakorralise meditsiini s\u00fcsteemi"},"content":{"rendered":"<p><strong>Ettev\u00f5tlus- ja infotehnoloogiaminister Andres Sutt allkirjastas koost\u00f6\u00f6leppe ettev\u00f5tetega Airbus Helicopters ja International SOS, et arendada ning viia ellu \u201cLifeSaver Eesti\u201d programmi. Tegemist on riikliku innovatsiooni- ja investeerimisprojektiga, mille eesm\u00e4rk on muuta t\u00f5husamaks Eesti erakorralise meditsiini ning laiemalt tervishoius\u00fcsteem.<\/strong><\/p>\n<p>\u201cLifeSaver Eesti programmi keskmes on innovaatilised tehnoloogiad. Head n\u00e4ited on mehitamata ja elektrilised vertikaalselt \u00f5hkut\u00f5usvad ning maanduvad \u00f5hus\u00f5idukid ja droonid. Samuti on fookus uuenduslikel tehisintellektil p\u00f5hinevatel lahendustel, et luua Eesti erakorralise meditsiini s\u00fcsteemi ja tervishoiu valdkonna arendamiseks v\u00f5imalikult head tingimused ning parandada \u00fcleriigiliselt operatiivset v\u00f5imekust,\u201d \u00fctles ettev\u00f5tlus- ja infotehnoloogiaminister <strong>Andres Sutt<\/strong>.<\/p>\n<p>Ta t\u00f5i v\u00e4lja, et erakorralise meditsiini teenuste osutamise maht n\u00e4itab globaalselt hoogsat kasvu ja programm avab Eesti lennundusklastri liikmetele ning teistele projektis osalejatele enneolematud rahvusvahelised \u00e4riv\u00f5imalused. \u201cEesm\u00e4rk on tuvastada ja luua v\u00f5imalikult paljudele riikidele asjakohased rakendusv\u00f5imalused, et maksimeerida lahenduste arendamisse kaasatud Eesti ettev\u00f5tete ekspordiv\u00f5imalusi,\u201d s\u00f5nas Sutt.<\/p>\n<p>\u201cLifeSaver Eesti programmil on v\u00e4ga oluline roll j\u00e4rgmise p\u00f5lvkonna \u00f5hus\u00f5idukite kiireks integreerimiseks \u00f5huruumi. \u00dchtlasi aitab see kindlustada Eesti positsiooni Euroopas mehitamata lennuliikluse korraldamise valdkonna olulise eestk\u00f5neleja- ning vedajana,\u201d \u00fctles Eesti Lennundusklastri juht <strong>Kristo Reinsalu<\/strong>.<\/p>\n<p>\u201cAirbus Helicopters on LifeSaver programmi v\u00e4lja t\u00f6\u00f6tanud koos ettev\u00f5ttega International SOS, et luua terviklik erakorralise meditsiini s\u00fcsteem,\u201d s\u00f5nas Airbus Helicopters\u2019i asepresident <strong>Wolfgang Schoder<\/strong>. \u201cTuginedes pikaajalisele kogemusele ja laiapindsetele teadmistele koost\u00f6\u00f6st meditsiiniteenuste operaatoritega soovime s\u00fcsteemi Eestis veelgi edasi arendada, kasutades selleks Eesti silmapaistvat v\u00f5imekust lennunduses, meditsiinis ning digivaldkonnas,\u201d lisas Schoder.<\/p>\n<p>Esimene samm on \u201cLifeSaver Eesti\u201d programmi \u00fcksikasjade v\u00e4ljat\u00f6\u00f6tamine ja koosk\u00f5lastamine k\u00f5igi seotud sidusr\u00fchmadega. Kaasatakse n\u00e4iteks Sotsiaalministeerium, Siseministeerium, Terviseamet, P\u00e4\u00e4steamet, Politsei- ja Piirivalveamet ning haiglate esindajad. Peamine fookus on praeguse esmaabi ja erakorralise meditsiini s\u00fcsteemi hindamisel ning Eestile k\u00f5ige olulisemate kasutusjuhtude tuvastamisel. Need v\u00f5ivad h\u00f5lmata muuhulgas reageerimisaja l\u00fchendamist, h\u00e4davajaliku arstiabi osutamist madala asustustihedusega piirkondadele v\u00f5i \u00fcldise meditsiinilogistika v\u00f5rgu optimeerimist.<\/p>\n","protected":false},"author":9,"featured_media":1688,"template":"","tax_news":[65],"class_list":["post-1687","news","type-news","status-publish","has-post-thumbnail","hentry","tax_news-lennunduspoliitika"],"acf":[],"yoast_head":"<!-- This site is optimized with the Yoast SEO plugin v27.4 - https:\/\/yoast.com\/product\/yoast-seo-wordpress\/ -->\n<title>Eesti hakkab koos ettev\u00f5tetega Airbus Helicopters ja International SOS v\u00e4lja t\u00f6\u00f6tama j\u00e4rgmise p\u00f5lvkonna erakorralise meditsiini s\u00fcsteemi &#8211; Estonian Aviation Cluster<\/title>\n<meta name=\"robots\" content=\"index, follow, max-snippet:-1, max-image-preview:large, max-video-preview:-1\" \/>\n<link rel=\"canonical\" href=\"https:\/\/eac.ee\/et\/uudised\/eesti-hakkab-koos-ettevotetega-airbus-helicopters-ja-international-sos-valja-tootama-jargmise-polvkonna-erakorralise-meditsiini-susteemi\/\" \/>\n<meta property=\"og:locale\" content=\"et_EE\" \/>\n<meta property=\"og:type\" content=\"article\" \/>\n<meta property=\"og:title\" content=\"Eesti hakkab koos ettev\u00f5tetega Airbus Helicopters ja International SOS v\u00e4lja t\u00f6\u00f6tama j\u00e4rgmise p\u00f5lvkonna erakorralise meditsiini s\u00fcsteemi &#8211; Estonian Aviation Cluster\" \/>\n<meta property=\"og:description\" content=\"Ettev\u00f5tlus- ja infotehnoloogiaminister Andres Sutt allkirjastas koost\u00f6\u00f6leppe ettev\u00f5tetega Airbus Helicopters ja International SOS, et arendada ning viia ellu \u201cLifeSaver Eesti\u201d programmi. Tegemist on riikliku innovatsiooni- ja investeerimisprojektiga, mille eesm\u00e4rk on muuta t\u00f5husamaks Eesti erakorralise meditsiini ning laiemalt tervishoius\u00fcsteem. \u201cLifeSaver Eesti programmi keskmes on innovaatilised tehnoloogiad. Head n\u00e4ited on mehitamata ja elektrilised vertikaalselt \u00f5hkut\u00f5usvad ning maanduvad [&hellip;]\" \/>\n<meta property=\"og:url\" content=\"https:\/\/eac.ee\/et\/uudised\/eesti-hakkab-koos-ettevotetega-airbus-helicopters-ja-international-sos-valja-tootama-jargmise-polvkonna-erakorralise-meditsiini-susteemi\/\" \/>\n<meta property=\"og:site_name\" content=\"Estonian Aviation Cluster\" \/>\n<meta property=\"article:modified_time\" content=\"2022-07-14T09:18:30+00:00\" \/>\n<meta property=\"og:image\" content=\"https:\/\/eac.ee\/wp-content\/uploads\/2022\/07\/IMG_8427-scaled-e1657790305168.jpg\" \/>\n\t<meta property=\"og:image:width\" content=\"1920\" \/>\n\t<meta property=\"og:image:height\" content=\"1646\" \/>\n\t<meta property=\"og:image:type\" content=\"image\/jpeg\" \/>\n<meta name=\"twitter:card\" content=\"summary_large_image\" \/>\n<meta name=\"twitter:label1\" content=\"Est. reading time\" \/>\n\t<meta name=\"twitter:data1\" content=\"2 minutit\" \/>\n<script type=\"application\/ld+json\" class=\"yoast-schema-graph\">{\"@context\":\"https:\\\/\\\/schema.org\",\"@graph\":[{\"@type\":\"WebPage\",\"@id\":\"https:\\\/\\\/eac.ee\\\/et\\\/uudised\\\/eesti-hakkab-koos-ettevotetega-airbus-helicopters-ja-international-sos-valja-tootama-jargmise-polvkonna-erakorralise-meditsiini-susteemi\\\/\",\"url\":\"https:\\\/\\\/eac.ee\\\/et\\\/uudised\\\/eesti-hakkab-koos-ettevotetega-airbus-helicopters-ja-international-sos-valja-tootama-jargmise-polvkonna-erakorralise-meditsiini-susteemi\\\/\",\"name\":\"Eesti hakkab koos ettev\u00f5tetega Airbus Helicopters ja International SOS v\u00e4lja t\u00f6\u00f6tama j\u00e4rgmise p\u00f5lvkonna erakorralise meditsiini s\u00fcsteemi &#8211; Estonian Aviation Cluster\",\"isPartOf\":{\"@id\":\"https:\\\/\\\/eac.ee\\\/#website\"},\"primaryImageOfPage\":{\"@id\":\"https:\\\/\\\/eac.ee\\\/et\\\/uudised\\\/eesti-hakkab-koos-ettevotetega-airbus-helicopters-ja-international-sos-valja-tootama-jargmise-polvkonna-erakorralise-meditsiini-susteemi\\\/#primaryimage\"},\"image\":{\"@id\":\"https:\\\/\\\/eac.ee\\\/et\\\/uudised\\\/eesti-hakkab-koos-ettevotetega-airbus-helicopters-ja-international-sos-valja-tootama-jargmise-polvkonna-erakorralise-meditsiini-susteemi\\\/#primaryimage\"},\"thumbnailUrl\":\"https:\\\/\\\/eac.ee\\\/wp-content\\\/uploads\\\/2022\\\/07\\\/IMG_8427-scaled-e1657790305168.jpg\",\"datePublished\":\"2022-07-14T09:16:51+00:00\",\"dateModified\":\"2022-07-14T09:18:30+00:00\",\"breadcrumb\":{\"@id\":\"https:\\\/\\\/eac.ee\\\/et\\\/uudised\\\/eesti-hakkab-koos-ettevotetega-airbus-helicopters-ja-international-sos-valja-tootama-jargmise-polvkonna-erakorralise-meditsiini-susteemi\\\/#breadcrumb\"},\"inLanguage\":\"et\",\"potentialAction\":[{\"@type\":\"ReadAction\",\"target\":[\"https:\\\/\\\/eac.ee\\\/et\\\/uudised\\\/eesti-hakkab-koos-ettevotetega-airbus-helicopters-ja-international-sos-valja-tootama-jargmise-polvkonna-erakorralise-meditsiini-susteemi\\\/\"]}]},{\"@type\":\"ImageObject\",\"inLanguage\":\"et\",\"@id\":\"https:\\\/\\\/eac.ee\\\/et\\\/uudised\\\/eesti-hakkab-koos-ettevotetega-airbus-helicopters-ja-international-sos-valja-tootama-jargmise-polvkonna-erakorralise-meditsiini-susteemi\\\/#primaryimage\",\"url\":\"https:\\\/\\\/eac.ee\\\/wp-content\\\/uploads\\\/2022\\\/07\\\/IMG_8427-scaled-e1657790305168.jpg\",\"contentUrl\":\"https:\\\/\\\/eac.ee\\\/wp-content\\\/uploads\\\/2022\\\/07\\\/IMG_8427-scaled-e1657790305168.jpg\",\"width\":1920,\"height\":1646},{\"@type\":\"BreadcrumbList\",\"@id\":\"https:\\\/\\\/eac.ee\\\/et\\\/uudised\\\/eesti-hakkab-koos-ettevotetega-airbus-helicopters-ja-international-sos-valja-tootama-jargmise-polvkonna-erakorralise-meditsiini-susteemi\\\/#breadcrumb\",\"itemListElement\":[{\"@type\":\"ListItem\",\"position\":1,\"name\":\"Home\",\"item\":\"https:\\\/\\\/eac.ee\\\/et\\\/\"},{\"@type\":\"ListItem\",\"position\":2,\"name\":\"Eesti hakkab koos ettev\u00f5tetega Airbus Helicopters ja International SOS v\u00e4lja t\u00f6\u00f6tama j\u00e4rgmise p\u00f5lvkonna erakorralise meditsiini s\u00fcsteemi\"}]},{\"@type\":\"WebSite\",\"@id\":\"https:\\\/\\\/eac.ee\\\/#website\",\"url\":\"https:\\\/\\\/eac.ee\\\/\",\"name\":\"Estonian Aviation Cluster\",\"description\":\"\",\"potentialAction\":[{\"@type\":\"SearchAction\",\"target\":{\"@type\":\"EntryPoint\",\"urlTemplate\":\"https:\\\/\\\/eac.ee\\\/?s={search_term_string}\"},\"query-input\":{\"@type\":\"PropertyValueSpecification\",\"valueRequired\":true,\"valueName\":\"search_term_string\"}}],\"inLanguage\":\"et\"}]}<\/script>\n<!-- \/ Yoast SEO plugin. -->","yoast_head_json":{"title":"Eesti hakkab koos ettev\u00f5tetega Airbus Helicopters ja International SOS v\u00e4lja t\u00f6\u00f6tama j\u00e4rgmise p\u00f5lvkonna erakorralise meditsiini s\u00fcsteemi &#8211; Estonian Aviation Cluster","robots":{"index":"index","follow":"follow","max-snippet":"max-snippet:-1","max-image-preview":"max-image-preview:large","max-video-preview":"max-video-preview:-1"},"canonical":"https:\/\/eac.ee\/et\/uudised\/eesti-hakkab-koos-ettevotetega-airbus-helicopters-ja-international-sos-valja-tootama-jargmise-polvkonna-erakorralise-meditsiini-susteemi\/","og_locale":"et_EE","og_type":"article","og_title":"Eesti hakkab koos ettev\u00f5tetega Airbus Helicopters ja International SOS v\u00e4lja t\u00f6\u00f6tama j\u00e4rgmise p\u00f5lvkonna erakorralise meditsiini s\u00fcsteemi &#8211; Estonian Aviation Cluster","og_description":"Ettev\u00f5tlus- ja infotehnoloogiaminister Andres Sutt allkirjastas koost\u00f6\u00f6leppe ettev\u00f5tetega Airbus Helicopters ja International SOS, et arendada ning viia ellu \u201cLifeSaver Eesti\u201d programmi. Tegemist on riikliku innovatsiooni- ja investeerimisprojektiga, mille eesm\u00e4rk on muuta t\u00f5husamaks Eesti erakorralise meditsiini ning laiemalt tervishoius\u00fcsteem. \u201cLifeSaver Eesti programmi keskmes on innovaatilised tehnoloogiad. Head n\u00e4ited on mehitamata ja elektrilised vertikaalselt \u00f5hkut\u00f5usvad ning maanduvad [&hellip;]","og_url":"https:\/\/eac.ee\/et\/uudised\/eesti-hakkab-koos-ettevotetega-airbus-helicopters-ja-international-sos-valja-tootama-jargmise-polvkonna-erakorralise-meditsiini-susteemi\/","og_site_name":"Estonian Aviation Cluster","article_modified_time":"2022-07-14T09:18:30+00:00","og_image":[{"width":1920,"height":1646,"url":"https:\/\/eac.ee\/wp-content\/uploads\/2022\/07\/IMG_8427-scaled-e1657790305168.jpg","type":"image\/jpeg"}],"twitter_card":"summary_large_image","twitter_misc":{"Est. reading time":"2 minutit"},"schema":{"@context":"https:\/\/schema.org","@graph":[{"@type":"WebPage","@id":"https:\/\/eac.ee\/et\/uudised\/eesti-hakkab-koos-ettevotetega-airbus-helicopters-ja-international-sos-valja-tootama-jargmise-polvkonna-erakorralise-meditsiini-susteemi\/","url":"https:\/\/eac.ee\/et\/uudised\/eesti-hakkab-koos-ettevotetega-airbus-helicopters-ja-international-sos-valja-tootama-jargmise-polvkonna-erakorralise-meditsiini-susteemi\/","name":"Eesti hakkab koos ettev\u00f5tetega Airbus Helicopters ja International SOS v\u00e4lja t\u00f6\u00f6tama j\u00e4rgmise p\u00f5lvkonna erakorralise meditsiini s\u00fcsteemi &#8211; Estonian Aviation Cluster","isPartOf":{"@id":"https:\/\/eac.ee\/#website"},"primaryImageOfPage":{"@id":"https:\/\/eac.ee\/et\/uudised\/eesti-hakkab-koos-ettevotetega-airbus-helicopters-ja-international-sos-valja-tootama-jargmise-polvkonna-erakorralise-meditsiini-susteemi\/#primaryimage"},"image":{"@id":"https:\/\/eac.ee\/et\/uudised\/eesti-hakkab-koos-ettevotetega-airbus-helicopters-ja-international-sos-valja-tootama-jargmise-polvkonna-erakorralise-meditsiini-susteemi\/#primaryimage"},"thumbnailUrl":"https:\/\/eac.ee\/wp-content\/uploads\/2022\/07\/IMG_8427-scaled-e1657790305168.jpg","datePublished":"2022-07-14T09:16:51+00:00","dateModified":"2022-07-14T09:18:30+00:00","breadcrumb":{"@id":"https:\/\/eac.ee\/et\/uudised\/eesti-hakkab-koos-ettevotetega-airbus-helicopters-ja-international-sos-valja-tootama-jargmise-polvkonna-erakorralise-meditsiini-susteemi\/#breadcrumb"},"inLanguage":"et","potentialAction":[{"@type":"ReadAction","target":["https:\/\/eac.ee\/et\/uudised\/eesti-hakkab-koos-ettevotetega-airbus-helicopters-ja-international-sos-valja-tootama-jargmise-polvkonna-erakorralise-meditsiini-susteemi\/"]}]},{"@type":"ImageObject","inLanguage":"et","@id":"https:\/\/eac.ee\/et\/uudised\/eesti-hakkab-koos-ettevotetega-airbus-helicopters-ja-international-sos-valja-tootama-jargmise-polvkonna-erakorralise-meditsiini-susteemi\/#primaryimage","url":"https:\/\/eac.ee\/wp-content\/uploads\/2022\/07\/IMG_8427-scaled-e1657790305168.jpg","contentUrl":"https:\/\/eac.ee\/wp-content\/uploads\/2022\/07\/IMG_8427-scaled-e1657790305168.jpg","width":1920,"height":1646},{"@type":"BreadcrumbList","@id":"https:\/\/eac.ee\/et\/uudised\/eesti-hakkab-koos-ettevotetega-airbus-helicopters-ja-international-sos-valja-tootama-jargmise-polvkonna-erakorralise-meditsiini-susteemi\/#breadcrumb","itemListElement":[{"@type":"ListItem","position":1,"name":"Home","item":"https:\/\/eac.ee\/et\/"},{"@type":"ListItem","position":2,"name":"Eesti hakkab koos ettev\u00f5tetega Airbus Helicopters ja International SOS v\u00e4lja t\u00f6\u00f6tama j\u00e4rgmise p\u00f5lvkonna erakorralise meditsiini s\u00fcsteemi"}]},{"@type":"WebSite","@id":"https:\/\/eac.ee\/#website","url":"https:\/\/eac.ee\/","name":"Estonian Aviation Cluster","description":"","potentialAction":[{"@type":"SearchAction","target":{"@type":"EntryPoint","urlTemplate":"https:\/\/eac.ee\/?s={search_term_string}"},"query-input":{"@type":"PropertyValueSpecification","valueRequired":true,"valueName":"search_term_string"}}],"inLanguage":"et"}]}},"_links":{"self":[{"href":"https:\/\/eac.ee\/et\/wp-json\/wp\/v2\/news\/1687","targetHints":{"allow":["GET"]}}],"collection":[{"href":"https:\/\/eac.ee\/et\/wp-json\/wp\/v2\/news"}],"about":[{"href":"https:\/\/eac.ee\/et\/wp-json\/wp\/v2\/types\/news"}],"author":[{"embeddable":true,"href":"https:\/\/eac.ee\/et\/wp-json\/wp\/v2\/users\/9"}],"wp:featuredmedia":[{"embeddable":true,"href":"https:\/\/eac.ee\/et\/wp-json\/wp\/v2\/media\/1688"}],"wp:attachment":[{"href":"https:\/\/eac.ee\/et\/wp-json\/wp\/v2\/media?parent=1687"}],"wp:term":[{"taxonomy":"tax_news","embeddable":true,"href":"https:\/\/eac.ee\/et\/wp-json\/wp\/v2\/tax_news?post=1687"}],"curies":[{"name":"wp","href":"https:\/\/api.w.org\/{rel}","templated":true}]}}