{"id":1769,"date":"2022-10-24T10:50:17","date_gmt":"2022-10-24T07:50:17","guid":{"rendered":"https:\/\/eac.ee\/?post_type=news&#038;p=1769"},"modified":"2022-10-24T10:50:52","modified_gmt":"2022-10-24T07:50:52","slug":"nordica-esimene-180-kohaline-airbus-320-reisilennuk-maandus-tallinna-lennujaamas","status":"publish","type":"news","link":"https:\/\/eac.ee\/et\/uudised\/nordica-esimene-180-kohaline-airbus-320-reisilennuk-maandus-tallinna-lennujaamas\/","title":{"rendered":"Nordica esimene 180-kohaline Airbus 320 reisilennuk maandus Tallinna lennujaamas"},"content":{"rendered":"<p>21. oktoobril kell 16:00 maandus Tallinna lennujaamas Nordica esimene, 180-kohaline Airbus 320 reisilennuk. Tallinna lennujaam tervitas Eesti lennufirma uut lennukit pidulike vesiv\u00e4ravatega. Peale teatavaid juriidilisi toiminguid alustab v\u00e4rskelt salongi uuenduskuuri l\u00e4binud Nordica lennuk koost\u00f6\u00f6s TEZ Touriga t\u0161arterlende Tallinnast Hurghadasse, Sharm El Shake\u2019I ja Tenerifele. Eesti lennufirma ise nendele lendudele pileteid ei m\u00fc\u00fc, seda teeb reisikorraldaja TEZ Tour.<\/p>\n<p>Nordic Aviation Groupi pikem plaan n\u00e4eb ette sarnaste lennukite arvu suurendamist juba l\u00e4hima poole aasta jooksul. 180-kohalised Airbus lennumasinad hakkavad teenindama uut koost\u00f6\u00f6partnerit \u00fcle Euroopa. Piletim\u00fc\u00fck j\u00e4\u00e4b ka seal partneri kanda. Nordic Aviation Group tegutseb kaubam\u00e4rkide Nordica ja Xfly all ning teostab hetkel \u00fcle 100 lennuoperatsiooni p\u00e4evas. Gupis t\u00f6\u00f6tab 550 inimest ja l\u00e4hiajal v\u00e4rvatakse juurde umbes 250 inimest, peamiselt Rootsis, Saksamaal ja Portugalis.<\/p>\n<div id=\"wp-image-wrap-1770\" class=\"content-media-img\">\n<div class=\"responsive-img\"><img decoding=\"async\" class=\"lazyload\" src=\"https:\/\/eac.ee\/wp-content\/uploads\/2022\/10\/OTTO-KUNG_21.10.22Nordica1-680x420.jpg\" data-sizes=\"auto\" data-src=\"https:\/\/eac.ee\/wp-content\/uploads\/2022\/10\/OTTO-KUNG_21.10.22Nordica1-1024x633.jpg\" data-srcset=\"https:\/\/eac.ee\/wp-content\/uploads\/2022\/10\/OTTO-KUNG_21.10.22Nordica1.jpg 2048w, https:\/\/eac.ee\/wp-content\/uploads\/2022\/10\/OTTO-KUNG_21.10.22Nordica1.jpg 1920w, https:\/\/eac.ee\/wp-content\/uploads\/2022\/10\/OTTO-KUNG_21.10.22Nordica1-1024x633.jpg 1024w, https:\/\/eac.ee\/wp-content\/uploads\/2022\/10\/OTTO-KUNG_21.10.22Nordica1-680x420.jpg 680w\" \/><\/div>\n<\/div>\n<p><em>Foto: Otto K\u00fcng<\/em><\/p>\n","protected":false},"author":9,"featured_media":1770,"template":"","tax_news":[47],"class_list":["post-1769","news","type-news","status-publish","has-post-thumbnail","hentry","tax_news-lennufirma"],"acf":[],"yoast_head":"<!-- This site is optimized with the Yoast SEO plugin v27.4 - https:\/\/yoast.com\/product\/yoast-seo-wordpress\/ -->\n<title>Nordica esimene 180-kohaline Airbus 320 reisilennuk maandus Tallinna lennujaamas &#8211; Estonian Aviation Cluster<\/title>\n<meta name=\"robots\" content=\"index, follow, max-snippet:-1, max-image-preview:large, max-video-preview:-1\" \/>\n<link rel=\"canonical\" href=\"https:\/\/eac.ee\/et\/uudised\/nordica-esimene-180-kohaline-airbus-320-reisilennuk-maandus-tallinna-lennujaamas\/\" \/>\n<meta property=\"og:locale\" content=\"et_EE\" \/>\n<meta property=\"og:type\" content=\"article\" \/>\n<meta property=\"og:title\" content=\"Nordica esimene 180-kohaline Airbus 320 reisilennuk maandus Tallinna lennujaamas &#8211; Estonian Aviation Cluster\" \/>\n<meta property=\"og:description\" content=\"21. oktoobril kell 16:00 maandus Tallinna lennujaamas Nordica esimene, 180-kohaline Airbus 320 reisilennuk. Tallinna lennujaam tervitas Eesti lennufirma uut lennukit pidulike vesiv\u00e4ravatega. Peale teatavaid juriidilisi toiminguid alustab v\u00e4rskelt salongi uuenduskuuri l\u00e4binud Nordica lennuk koost\u00f6\u00f6s TEZ Touriga t\u0161arterlende Tallinnast Hurghadasse, Sharm El Shake\u2019I ja Tenerifele. Eesti lennufirma ise nendele lendudele pileteid ei m\u00fc\u00fc, seda teeb reisikorraldaja [&hellip;]\" \/>\n<meta property=\"og:url\" content=\"https:\/\/eac.ee\/et\/uudised\/nordica-esimene-180-kohaline-airbus-320-reisilennuk-maandus-tallinna-lennujaamas\/\" \/>\n<meta property=\"og:site_name\" content=\"Estonian Aviation Cluster\" \/>\n<meta property=\"article:modified_time\" content=\"2022-10-24T07:50:52+00:00\" \/>\n<meta property=\"og:image\" content=\"https:\/\/eac.ee\/wp-content\/uploads\/2022\/10\/OTTO-KUNG_21.10.22Nordica1.jpg\" \/>\n\t<meta property=\"og:image:width\" content=\"1920\" \/>\n\t<meta property=\"og:image:height\" content=\"1187\" \/>\n\t<meta property=\"og:image:type\" content=\"image\/jpeg\" \/>\n<meta name=\"twitter:card\" content=\"summary_large_image\" \/>\n<meta name=\"twitter:label1\" content=\"Est. reading time\" \/>\n\t<meta name=\"twitter:data1\" content=\"1 minut\" \/>\n<script type=\"application\/ld+json\" class=\"yoast-schema-graph\">{\"@context\":\"https:\\\/\\\/schema.org\",\"@graph\":[{\"@type\":\"WebPage\",\"@id\":\"https:\\\/\\\/eac.ee\\\/et\\\/uudised\\\/nordica-esimene-180-kohaline-airbus-320-reisilennuk-maandus-tallinna-lennujaamas\\\/\",\"url\":\"https:\\\/\\\/eac.ee\\\/et\\\/uudised\\\/nordica-esimene-180-kohaline-airbus-320-reisilennuk-maandus-tallinna-lennujaamas\\\/\",\"name\":\"Nordica esimene 180-kohaline Airbus 320 reisilennuk maandus Tallinna lennujaamas &#8211; Estonian Aviation Cluster\",\"isPartOf\":{\"@id\":\"https:\\\/\\\/eac.ee\\\/#website\"},\"primaryImageOfPage\":{\"@id\":\"https:\\\/\\\/eac.ee\\\/et\\\/uudised\\\/nordica-esimene-180-kohaline-airbus-320-reisilennuk-maandus-tallinna-lennujaamas\\\/#primaryimage\"},\"image\":{\"@id\":\"https:\\\/\\\/eac.ee\\\/et\\\/uudised\\\/nordica-esimene-180-kohaline-airbus-320-reisilennuk-maandus-tallinna-lennujaamas\\\/#primaryimage\"},\"thumbnailUrl\":\"https:\\\/\\\/eac.ee\\\/wp-content\\\/uploads\\\/2022\\\/10\\\/OTTO-KUNG_21.10.22Nordica1.jpg\",\"datePublished\":\"2022-10-24T07:50:17+00:00\",\"dateModified\":\"2022-10-24T07:50:52+00:00\",\"breadcrumb\":{\"@id\":\"https:\\\/\\\/eac.ee\\\/et\\\/uudised\\\/nordica-esimene-180-kohaline-airbus-320-reisilennuk-maandus-tallinna-lennujaamas\\\/#breadcrumb\"},\"inLanguage\":\"et\",\"potentialAction\":[{\"@type\":\"ReadAction\",\"target\":[\"https:\\\/\\\/eac.ee\\\/et\\\/uudised\\\/nordica-esimene-180-kohaline-airbus-320-reisilennuk-maandus-tallinna-lennujaamas\\\/\"]}]},{\"@type\":\"ImageObject\",\"inLanguage\":\"et\",\"@id\":\"https:\\\/\\\/eac.ee\\\/et\\\/uudised\\\/nordica-esimene-180-kohaline-airbus-320-reisilennuk-maandus-tallinna-lennujaamas\\\/#primaryimage\",\"url\":\"https:\\\/\\\/eac.ee\\\/wp-content\\\/uploads\\\/2022\\\/10\\\/OTTO-KUNG_21.10.22Nordica1.jpg\",\"contentUrl\":\"https:\\\/\\\/eac.ee\\\/wp-content\\\/uploads\\\/2022\\\/10\\\/OTTO-KUNG_21.10.22Nordica1.jpg\",\"width\":1920,\"height\":1187},{\"@type\":\"BreadcrumbList\",\"@id\":\"https:\\\/\\\/eac.ee\\\/et\\\/uudised\\\/nordica-esimene-180-kohaline-airbus-320-reisilennuk-maandus-tallinna-lennujaamas\\\/#breadcrumb\",\"itemListElement\":[{\"@type\":\"ListItem\",\"position\":1,\"name\":\"Home\",\"item\":\"https:\\\/\\\/eac.ee\\\/et\\\/\"},{\"@type\":\"ListItem\",\"position\":2,\"name\":\"Nordica esimene 180-kohaline Airbus 320 reisilennuk maandus Tallinna lennujaamas\"}]},{\"@type\":\"WebSite\",\"@id\":\"https:\\\/\\\/eac.ee\\\/#website\",\"url\":\"https:\\\/\\\/eac.ee\\\/\",\"name\":\"Estonian Aviation Cluster\",\"description\":\"\",\"potentialAction\":[{\"@type\":\"SearchAction\",\"target\":{\"@type\":\"EntryPoint\",\"urlTemplate\":\"https:\\\/\\\/eac.ee\\\/?s={search_term_string}\"},\"query-input\":{\"@type\":\"PropertyValueSpecification\",\"valueRequired\":true,\"valueName\":\"search_term_string\"}}],\"inLanguage\":\"et\"}]}<\/script>\n<!-- \/ Yoast SEO plugin. -->","yoast_head_json":{"title":"Nordica esimene 180-kohaline Airbus 320 reisilennuk maandus Tallinna lennujaamas &#8211; Estonian Aviation Cluster","robots":{"index":"index","follow":"follow","max-snippet":"max-snippet:-1","max-image-preview":"max-image-preview:large","max-video-preview":"max-video-preview:-1"},"canonical":"https:\/\/eac.ee\/et\/uudised\/nordica-esimene-180-kohaline-airbus-320-reisilennuk-maandus-tallinna-lennujaamas\/","og_locale":"et_EE","og_type":"article","og_title":"Nordica esimene 180-kohaline Airbus 320 reisilennuk maandus Tallinna lennujaamas &#8211; Estonian Aviation Cluster","og_description":"21. oktoobril kell 16:00 maandus Tallinna lennujaamas Nordica esimene, 180-kohaline Airbus 320 reisilennuk. Tallinna lennujaam tervitas Eesti lennufirma uut lennukit pidulike vesiv\u00e4ravatega. Peale teatavaid juriidilisi toiminguid alustab v\u00e4rskelt salongi uuenduskuuri l\u00e4binud Nordica lennuk koost\u00f6\u00f6s TEZ Touriga t\u0161arterlende Tallinnast Hurghadasse, Sharm El Shake\u2019I ja Tenerifele. Eesti lennufirma ise nendele lendudele pileteid ei m\u00fc\u00fc, seda teeb reisikorraldaja [&hellip;]","og_url":"https:\/\/eac.ee\/et\/uudised\/nordica-esimene-180-kohaline-airbus-320-reisilennuk-maandus-tallinna-lennujaamas\/","og_site_name":"Estonian Aviation Cluster","article_modified_time":"2022-10-24T07:50:52+00:00","og_image":[{"width":1920,"height":1187,"url":"https:\/\/eac.ee\/wp-content\/uploads\/2022\/10\/OTTO-KUNG_21.10.22Nordica1.jpg","type":"image\/jpeg"}],"twitter_card":"summary_large_image","twitter_misc":{"Est. reading time":"1 minut"},"schema":{"@context":"https:\/\/schema.org","@graph":[{"@type":"WebPage","@id":"https:\/\/eac.ee\/et\/uudised\/nordica-esimene-180-kohaline-airbus-320-reisilennuk-maandus-tallinna-lennujaamas\/","url":"https:\/\/eac.ee\/et\/uudised\/nordica-esimene-180-kohaline-airbus-320-reisilennuk-maandus-tallinna-lennujaamas\/","name":"Nordica esimene 180-kohaline Airbus 320 reisilennuk maandus Tallinna lennujaamas &#8211; Estonian Aviation Cluster","isPartOf":{"@id":"https:\/\/eac.ee\/#website"},"primaryImageOfPage":{"@id":"https:\/\/eac.ee\/et\/uudised\/nordica-esimene-180-kohaline-airbus-320-reisilennuk-maandus-tallinna-lennujaamas\/#primaryimage"},"image":{"@id":"https:\/\/eac.ee\/et\/uudised\/nordica-esimene-180-kohaline-airbus-320-reisilennuk-maandus-tallinna-lennujaamas\/#primaryimage"},"thumbnailUrl":"https:\/\/eac.ee\/wp-content\/uploads\/2022\/10\/OTTO-KUNG_21.10.22Nordica1.jpg","datePublished":"2022-10-24T07:50:17+00:00","dateModified":"2022-10-24T07:50:52+00:00","breadcrumb":{"@id":"https:\/\/eac.ee\/et\/uudised\/nordica-esimene-180-kohaline-airbus-320-reisilennuk-maandus-tallinna-lennujaamas\/#breadcrumb"},"inLanguage":"et","potentialAction":[{"@type":"ReadAction","target":["https:\/\/eac.ee\/et\/uudised\/nordica-esimene-180-kohaline-airbus-320-reisilennuk-maandus-tallinna-lennujaamas\/"]}]},{"@type":"ImageObject","inLanguage":"et","@id":"https:\/\/eac.ee\/et\/uudised\/nordica-esimene-180-kohaline-airbus-320-reisilennuk-maandus-tallinna-lennujaamas\/#primaryimage","url":"https:\/\/eac.ee\/wp-content\/uploads\/2022\/10\/OTTO-KUNG_21.10.22Nordica1.jpg","contentUrl":"https:\/\/eac.ee\/wp-content\/uploads\/2022\/10\/OTTO-KUNG_21.10.22Nordica1.jpg","width":1920,"height":1187},{"@type":"BreadcrumbList","@id":"https:\/\/eac.ee\/et\/uudised\/nordica-esimene-180-kohaline-airbus-320-reisilennuk-maandus-tallinna-lennujaamas\/#breadcrumb","itemListElement":[{"@type":"ListItem","position":1,"name":"Home","item":"https:\/\/eac.ee\/et\/"},{"@type":"ListItem","position":2,"name":"Nordica esimene 180-kohaline Airbus 320 reisilennuk maandus Tallinna lennujaamas"}]},{"@type":"WebSite","@id":"https:\/\/eac.ee\/#website","url":"https:\/\/eac.ee\/","name":"Estonian Aviation Cluster","description":"","potentialAction":[{"@type":"SearchAction","target":{"@type":"EntryPoint","urlTemplate":"https:\/\/eac.ee\/?s={search_term_string}"},"query-input":{"@type":"PropertyValueSpecification","valueRequired":true,"valueName":"search_term_string"}}],"inLanguage":"et"}]}},"_links":{"self":[{"href":"https:\/\/eac.ee\/et\/wp-json\/wp\/v2\/news\/1769","targetHints":{"allow":["GET"]}}],"collection":[{"href":"https:\/\/eac.ee\/et\/wp-json\/wp\/v2\/news"}],"about":[{"href":"https:\/\/eac.ee\/et\/wp-json\/wp\/v2\/types\/news"}],"author":[{"embeddable":true,"href":"https:\/\/eac.ee\/et\/wp-json\/wp\/v2\/users\/9"}],"wp:featuredmedia":[{"embeddable":true,"href":"https:\/\/eac.ee\/et\/wp-json\/wp\/v2\/media\/1770"}],"wp:attachment":[{"href":"https:\/\/eac.ee\/et\/wp-json\/wp\/v2\/media?parent=1769"}],"wp:term":[{"taxonomy":"tax_news","embeddable":true,"href":"https:\/\/eac.ee\/et\/wp-json\/wp\/v2\/tax_news?post=1769"}],"curies":[{"name":"wp","href":"https:\/\/api.w.org\/{rel}","templated":true}]}}