{"id":1772,"date":"2022-10-24T13:29:57","date_gmt":"2022-10-24T10:29:57","guid":{"rendered":"https:\/\/eac.ee\/?post_type=news&#038;p=1772"},"modified":"2022-10-24T13:36:52","modified_gmt":"2022-10-24T10:36:52","slug":"eesti-lennundusklastri-uus-juht-on-jaan-tamm","status":"publish","type":"news","link":"https:\/\/eac.ee\/et\/uudised\/eesti-lennundusklastri-uus-juht-on-jaan-tamm\/","title":{"rendered":"Eesti Lennundusklastri uus juht on Jaan Tamm"},"content":{"rendered":"<p>K\u00e4esolevaga teatame, et alates oktoobrist 2022 on Eesti Lennundusklastri uueks juhiks valitud <strong>Jaan Tamm<\/strong>.<\/p>\n<p>Eelmise klastri juhi Kristo Reinsalu tagasikutsumine ja uue juhatuse liikme valimine toimus Lennundusklastri \u00fcldkoosolekul (30. september 2022). Vastav otsus v\u00f5eti vastu \u00fcheh\u00e4\u00e4lselt. Klastri juhi vahetamise tingisid klastri liikmete ja klastri juhi erinevad n\u00e4gemused klastri juhtimisdistsipliinist.<\/p>\n<p>Hr. Jaan Tamme n\u00e4ol on tegemist kogenud tippjuhiga, kellel on pikaajaline kogemus lennundussektori erinevatelt ametialadelt nii Eestis kui ka Euroopas, nii era- kui ka avalikus sektoris.<\/p>\n<p>Klastri n\u00f5ukogu esimehe <strong>Risto M\u00e4eotsa<\/strong> s\u00f5nul on maailm olnud v\u00e4ga d\u00fcnaamiline, seda eriti lennunduses. \u201eKui aastal 2019 sai loodud Eesti lennundussektorit \u00fchendav klaster, siis olime optimistlikud sektori kasvu ees ning alustasime j\u00f5udsalt \u00fchishangete kaardistamist ning meil \u00f5nnestus ka esimesi kiireid v\u00f5ite noppida. Kahjuks j\u00e4rgnesid aga rasked aastad ning klastril tuli majandusedu kasvatamise asemel tegutseda sektori p\u00fcsimise nimel. T\u00e4na oleme faasis, kus kriisijuhtimise asemel oleme liikumas taas sektori arendamise poole. Seejuures on toimumas eriti kiired arengud mehitamata lennunduse ning j\u00e4tkusuutlike ja keskkonnahoidlike tehnoloogiate rakendamisel. \u00dchelt poolt p\u00fc\u00fcame toetada Eesti traditsiooniliselt head innovatsiooniv\u00f5imekust ja teisalt sammu pidada Euroopa Liidu seadusandliku raamistiku rakendamisega. See aga n\u00f5uab meie esialgse strateegia ajakohastamist. Selle \u00fclesande jaoks on v\u00e4rskelt valitud uus juht suurep\u00e4rane isik,\u201c \u00fctleb Risto M\u00e4eots.<\/p>\n<p>Estonian Aviation Cluster (EAC) on mittetulundus\u00fching, mille eesm\u00e4rk on tuua kokku lennundus-valdkonna organisatsioonid ja \u00fchendada need \u00fclemaailmsesse lennundusklastrite v\u00f5rgustikku. 2022. aasta oktoobrikuu seisuga on klastris 29 liiget.<\/p>\n<p>T\u00e4name k\u00f5iki klastri praeguseid ja tulevasi liikmeid, meie koost\u00f6\u00f6partnereid ja huvigruppe.<\/p>\n<div id=\"wp-image-wrap-1759\" class=\"content-media-img\">\n<div class=\"responsive-img\">\n<div id=\"wp-image-wrap-1775\" class=\"content-media-img\">\n<div class=\"responsive-img\"><img decoding=\"async\" class=\"lazyload\" src=\"https:\/\/eac.ee\/wp-content\/uploads\/2022\/10\/IMG_1919-copy-680x444.jpg\" data-sizes=\"auto\" data-src=\"https:\/\/eac.ee\/wp-content\/uploads\/2022\/10\/IMG_1919-copy-1024x669.jpg\" data-srcset=\"https:\/\/eac.ee\/wp-content\/uploads\/2022\/10\/IMG_1919-copy-2048x1338.jpg 2048w, https:\/\/eac.ee\/wp-content\/uploads\/2022\/10\/IMG_1919-copy-1920x1255.jpg 1920w, https:\/\/eac.ee\/wp-content\/uploads\/2022\/10\/IMG_1919-copy-1024x669.jpg 1024w, https:\/\/eac.ee\/wp-content\/uploads\/2022\/10\/IMG_1919-copy-680x444.jpg 680w\" \/><\/div>\n<\/div>\n<\/div>\n<\/div>\n","protected":false},"author":9,"featured_media":1759,"template":"","tax_news":[],"class_list":["post-1772","news","type-news","status-publish","has-post-thumbnail","hentry"],"acf":[],"yoast_head":"<!-- This site is optimized with the Yoast SEO plugin v27.3 - https:\/\/yoast.com\/product\/yoast-seo-wordpress\/ -->\n<title>Eesti Lennundusklastri uus juht on Jaan Tamm &#8211; Estonian Aviation Cluster<\/title>\n<meta name=\"robots\" content=\"index, follow, max-snippet:-1, max-image-preview:large, max-video-preview:-1\" \/>\n<link rel=\"canonical\" href=\"https:\/\/eac.ee\/et\/uudised\/eesti-lennundusklastri-uus-juht-on-jaan-tamm\/\" \/>\n<meta property=\"og:locale\" content=\"et_EE\" \/>\n<meta property=\"og:type\" content=\"article\" \/>\n<meta property=\"og:title\" content=\"Eesti Lennundusklastri uus juht on Jaan Tamm &#8211; Estonian Aviation Cluster\" \/>\n<meta property=\"og:description\" content=\"K\u00e4esolevaga teatame, et alates oktoobrist 2022 on Eesti Lennundusklastri uueks juhiks valitud Jaan Tamm. Eelmise klastri juhi Kristo Reinsalu tagasikutsumine ja uue juhatuse liikme valimine toimus Lennundusklastri \u00fcldkoosolekul (30. september 2022). Vastav otsus v\u00f5eti vastu \u00fcheh\u00e4\u00e4lselt. Klastri juhi vahetamise tingisid klastri liikmete ja klastri juhi erinevad n\u00e4gemused klastri juhtimisdistsipliinist. Hr. Jaan Tamme n\u00e4ol on tegemist [&hellip;]\" \/>\n<meta property=\"og:url\" content=\"https:\/\/eac.ee\/et\/uudised\/eesti-lennundusklastri-uus-juht-on-jaan-tamm\/\" \/>\n<meta property=\"og:site_name\" content=\"Estonian Aviation Cluster\" \/>\n<meta property=\"article:modified_time\" content=\"2022-10-24T10:36:52+00:00\" \/>\n<meta property=\"og:image\" content=\"https:\/\/eac.ee\/wp-content\/uploads\/2022\/10\/IMG_19-scaled-e1664971193926.jpg\" \/>\n\t<meta property=\"og:image:width\" content=\"1412\" \/>\n\t<meta property=\"og:image:height\" content=\"876\" \/>\n\t<meta property=\"og:image:type\" content=\"image\/jpeg\" \/>\n<meta name=\"twitter:card\" content=\"summary_large_image\" \/>\n<meta name=\"twitter:label1\" content=\"Est. reading time\" \/>\n\t<meta name=\"twitter:data1\" content=\"2 minutit\" \/>\n<script type=\"application\/ld+json\" class=\"yoast-schema-graph\">{\"@context\":\"https:\\\/\\\/schema.org\",\"@graph\":[{\"@type\":\"WebPage\",\"@id\":\"https:\\\/\\\/eac.ee\\\/et\\\/uudised\\\/eesti-lennundusklastri-uus-juht-on-jaan-tamm\\\/\",\"url\":\"https:\\\/\\\/eac.ee\\\/et\\\/uudised\\\/eesti-lennundusklastri-uus-juht-on-jaan-tamm\\\/\",\"name\":\"Eesti Lennundusklastri uus juht on Jaan Tamm &#8211; Estonian Aviation Cluster\",\"isPartOf\":{\"@id\":\"https:\\\/\\\/eac.ee\\\/#website\"},\"primaryImageOfPage\":{\"@id\":\"https:\\\/\\\/eac.ee\\\/et\\\/uudised\\\/eesti-lennundusklastri-uus-juht-on-jaan-tamm\\\/#primaryimage\"},\"image\":{\"@id\":\"https:\\\/\\\/eac.ee\\\/et\\\/uudised\\\/eesti-lennundusklastri-uus-juht-on-jaan-tamm\\\/#primaryimage\"},\"thumbnailUrl\":\"https:\\\/\\\/eac.ee\\\/wp-content\\\/uploads\\\/2022\\\/10\\\/IMG_19-scaled-e1664971193926.jpg\",\"datePublished\":\"2022-10-24T10:29:57+00:00\",\"dateModified\":\"2022-10-24T10:36:52+00:00\",\"breadcrumb\":{\"@id\":\"https:\\\/\\\/eac.ee\\\/et\\\/uudised\\\/eesti-lennundusklastri-uus-juht-on-jaan-tamm\\\/#breadcrumb\"},\"inLanguage\":\"et\",\"potentialAction\":[{\"@type\":\"ReadAction\",\"target\":[\"https:\\\/\\\/eac.ee\\\/et\\\/uudised\\\/eesti-lennundusklastri-uus-juht-on-jaan-tamm\\\/\"]}]},{\"@type\":\"ImageObject\",\"inLanguage\":\"et\",\"@id\":\"https:\\\/\\\/eac.ee\\\/et\\\/uudised\\\/eesti-lennundusklastri-uus-juht-on-jaan-tamm\\\/#primaryimage\",\"url\":\"https:\\\/\\\/eac.ee\\\/wp-content\\\/uploads\\\/2022\\\/10\\\/IMG_19-scaled-e1664971193926.jpg\",\"contentUrl\":\"https:\\\/\\\/eac.ee\\\/wp-content\\\/uploads\\\/2022\\\/10\\\/IMG_19-scaled-e1664971193926.jpg\",\"width\":1412,\"height\":876},{\"@type\":\"BreadcrumbList\",\"@id\":\"https:\\\/\\\/eac.ee\\\/et\\\/uudised\\\/eesti-lennundusklastri-uus-juht-on-jaan-tamm\\\/#breadcrumb\",\"itemListElement\":[{\"@type\":\"ListItem\",\"position\":1,\"name\":\"Home\",\"item\":\"https:\\\/\\\/eac.ee\\\/et\\\/\"},{\"@type\":\"ListItem\",\"position\":2,\"name\":\"Eesti Lennundusklastri uus juht on Jaan Tamm\"}]},{\"@type\":\"WebSite\",\"@id\":\"https:\\\/\\\/eac.ee\\\/#website\",\"url\":\"https:\\\/\\\/eac.ee\\\/\",\"name\":\"Estonian Aviation Cluster\",\"description\":\"\",\"potentialAction\":[{\"@type\":\"SearchAction\",\"target\":{\"@type\":\"EntryPoint\",\"urlTemplate\":\"https:\\\/\\\/eac.ee\\\/?s={search_term_string}\"},\"query-input\":{\"@type\":\"PropertyValueSpecification\",\"valueRequired\":true,\"valueName\":\"search_term_string\"}}],\"inLanguage\":\"et\"}]}<\/script>\n<!-- \/ Yoast SEO plugin. -->","yoast_head_json":{"title":"Eesti Lennundusklastri uus juht on Jaan Tamm &#8211; Estonian Aviation Cluster","robots":{"index":"index","follow":"follow","max-snippet":"max-snippet:-1","max-image-preview":"max-image-preview:large","max-video-preview":"max-video-preview:-1"},"canonical":"https:\/\/eac.ee\/et\/uudised\/eesti-lennundusklastri-uus-juht-on-jaan-tamm\/","og_locale":"et_EE","og_type":"article","og_title":"Eesti Lennundusklastri uus juht on Jaan Tamm &#8211; Estonian Aviation Cluster","og_description":"K\u00e4esolevaga teatame, et alates oktoobrist 2022 on Eesti Lennundusklastri uueks juhiks valitud Jaan Tamm. Eelmise klastri juhi Kristo Reinsalu tagasikutsumine ja uue juhatuse liikme valimine toimus Lennundusklastri \u00fcldkoosolekul (30. september 2022). Vastav otsus v\u00f5eti vastu \u00fcheh\u00e4\u00e4lselt. Klastri juhi vahetamise tingisid klastri liikmete ja klastri juhi erinevad n\u00e4gemused klastri juhtimisdistsipliinist. Hr. Jaan Tamme n\u00e4ol on tegemist [&hellip;]","og_url":"https:\/\/eac.ee\/et\/uudised\/eesti-lennundusklastri-uus-juht-on-jaan-tamm\/","og_site_name":"Estonian Aviation Cluster","article_modified_time":"2022-10-24T10:36:52+00:00","og_image":[{"width":1412,"height":876,"url":"https:\/\/eac.ee\/wp-content\/uploads\/2022\/10\/IMG_19-scaled-e1664971193926.jpg","type":"image\/jpeg"}],"twitter_card":"summary_large_image","twitter_misc":{"Est. reading time":"2 minutit"},"schema":{"@context":"https:\/\/schema.org","@graph":[{"@type":"WebPage","@id":"https:\/\/eac.ee\/et\/uudised\/eesti-lennundusklastri-uus-juht-on-jaan-tamm\/","url":"https:\/\/eac.ee\/et\/uudised\/eesti-lennundusklastri-uus-juht-on-jaan-tamm\/","name":"Eesti Lennundusklastri uus juht on Jaan Tamm &#8211; Estonian Aviation Cluster","isPartOf":{"@id":"https:\/\/eac.ee\/#website"},"primaryImageOfPage":{"@id":"https:\/\/eac.ee\/et\/uudised\/eesti-lennundusklastri-uus-juht-on-jaan-tamm\/#primaryimage"},"image":{"@id":"https:\/\/eac.ee\/et\/uudised\/eesti-lennundusklastri-uus-juht-on-jaan-tamm\/#primaryimage"},"thumbnailUrl":"https:\/\/eac.ee\/wp-content\/uploads\/2022\/10\/IMG_19-scaled-e1664971193926.jpg","datePublished":"2022-10-24T10:29:57+00:00","dateModified":"2022-10-24T10:36:52+00:00","breadcrumb":{"@id":"https:\/\/eac.ee\/et\/uudised\/eesti-lennundusklastri-uus-juht-on-jaan-tamm\/#breadcrumb"},"inLanguage":"et","potentialAction":[{"@type":"ReadAction","target":["https:\/\/eac.ee\/et\/uudised\/eesti-lennundusklastri-uus-juht-on-jaan-tamm\/"]}]},{"@type":"ImageObject","inLanguage":"et","@id":"https:\/\/eac.ee\/et\/uudised\/eesti-lennundusklastri-uus-juht-on-jaan-tamm\/#primaryimage","url":"https:\/\/eac.ee\/wp-content\/uploads\/2022\/10\/IMG_19-scaled-e1664971193926.jpg","contentUrl":"https:\/\/eac.ee\/wp-content\/uploads\/2022\/10\/IMG_19-scaled-e1664971193926.jpg","width":1412,"height":876},{"@type":"BreadcrumbList","@id":"https:\/\/eac.ee\/et\/uudised\/eesti-lennundusklastri-uus-juht-on-jaan-tamm\/#breadcrumb","itemListElement":[{"@type":"ListItem","position":1,"name":"Home","item":"https:\/\/eac.ee\/et\/"},{"@type":"ListItem","position":2,"name":"Eesti Lennundusklastri uus juht on Jaan Tamm"}]},{"@type":"WebSite","@id":"https:\/\/eac.ee\/#website","url":"https:\/\/eac.ee\/","name":"Estonian Aviation Cluster","description":"","potentialAction":[{"@type":"SearchAction","target":{"@type":"EntryPoint","urlTemplate":"https:\/\/eac.ee\/?s={search_term_string}"},"query-input":{"@type":"PropertyValueSpecification","valueRequired":true,"valueName":"search_term_string"}}],"inLanguage":"et"}]}},"_links":{"self":[{"href":"https:\/\/eac.ee\/et\/wp-json\/wp\/v2\/news\/1772","targetHints":{"allow":["GET"]}}],"collection":[{"href":"https:\/\/eac.ee\/et\/wp-json\/wp\/v2\/news"}],"about":[{"href":"https:\/\/eac.ee\/et\/wp-json\/wp\/v2\/types\/news"}],"author":[{"embeddable":true,"href":"https:\/\/eac.ee\/et\/wp-json\/wp\/v2\/users\/9"}],"wp:featuredmedia":[{"embeddable":true,"href":"https:\/\/eac.ee\/et\/wp-json\/wp\/v2\/media\/1759"}],"wp:attachment":[{"href":"https:\/\/eac.ee\/et\/wp-json\/wp\/v2\/media?parent=1772"}],"wp:term":[{"taxonomy":"tax_news","embeddable":true,"href":"https:\/\/eac.ee\/et\/wp-json\/wp\/v2\/tax_news?post=1772"}],"curies":[{"name":"wp","href":"https:\/\/api.w.org\/{rel}","templated":true}]}}