{"id":1801,"date":"2022-12-07T13:17:31","date_gmt":"2022-12-07T11:17:31","guid":{"rendered":"https:\/\/eac.ee\/?post_type=news&#038;p=1801"},"modified":"2022-12-07T13:17:31","modified_gmt":"2022-12-07T11:17:31","slug":"nordic-aviation-group-osaleb-tallinna-lennujaama-rohehommikute-initsiatiivis","status":"publish","type":"news","link":"https:\/\/eac.ee\/et\/uudised\/nordic-aviation-group-osaleb-tallinna-lennujaama-rohehommikute-initsiatiivis\/","title":{"rendered":"Nordic Aviation Group osaleb Tallinna lennujaama Rohehommikute initsiatiivis"},"content":{"rendered":"<p><strong>Kodumaine lennufirma Nordic Aviation Group osaleb Tallinna lennujaama algatatud kogukondlikus Rohehommikute initsiatiivis, mille raames kogunesid \u00fcmarlaua taha lennujaama territooriumil ja selle vahetus l\u00e4heduses tegutsevad avaliku- ja erasektori ettev\u00f5tted.<\/strong><\/p>\n<p>Kogukondlike kohtumiste eesm\u00e4rk on otsida koos lahendusi ja koost\u00f6\u00f6v\u00f5imalusi s\u00fcsinikuneutraalsuse, ringmajanduse ja j\u00e4tkusuutlikkuse teemadel, kaasates selleks arutellu Tallinna lennujaamas ja vahetus l\u00e4heduses tegutsevad ettev\u00f5tted. AS Tallinna Lennujaam on seadnud endale eesm\u00e4rgiks j\u00f5uda s\u00fcsinikuneutraalsuseni aastaks 2030.<\/p>\n<p>\u201cLennundusettev\u00f5ttena tervitame me koost\u00f6\u00f6d teiste ettev\u00f5tete ja kohaliku lennunduskogukonnaga. Meie jaoks on puhas ja hoitud keskkond v\u00e4ga oluline. Me usume, et rohep\u00f6\u00f6rdel on palju v\u00f5ita sellisest koost\u00f6\u00f6st,\u201d kommenteeris Nordic Aviation Group\u2019i turundus- ja kommunikatsioonijuht <strong>Toomas Uibo<\/strong>. \u201cEttev\u00f5ttena oleme aktiivselt tegelenud t\u00f6\u00f6tajate j\u00e4tkusuutlikkusalase teadlikkuse t\u00f5stmisega. Lisaks oleme erinevate ELi assotsiatsioonide, nagu European Clean Hydrogen Alliance (ECHA) ja Alliance Zero-Emissions Aviation (AZEA), liige. Peame oluliseks olla kursis viimaste trendide ja suundadega, ning kaasa r\u00e4\u00e4kida emissioonivaba lennunduse arenguprotsessides,\u201d lisas Uibo.<\/p>\n<p>\u201cJ\u00e4tkusuutlikuma lennunduse perspektiivis on meie lennundusettev\u00f5tte pikaajaline siht kasvada keskkonnateadlikult. Euroopa lennundussektori majandusn\u00e4itajad on kasvutrendis ja on oluline, et see kasv toimuks j\u00e4tkusuutliku t\u00f6\u00f6keskkonna ja -lennukipargi tiibadel. Sellise sihi on Nordic Aviation Group endale ka seadnud. Nii Skandinaavias kui Baltikumis on j\u00e4tkusuutlikkus ja keskkonnahoid saanud igap\u00e4evase t\u00f6\u00f6kultuuri osaks. P\u00f5hjamaad on siin olnud maailma kontekstis suunan\u00e4itajad,\u201d kommenteeris Rohehommikute toimumist ja selle v\u00e4\u00e4rtuspakkumist grupi pikaajaline juht <strong>Jan Palmer<\/strong> ning lisas, et ettev\u00f5ttel on ambitsioonikad laienemisplaanid.<\/p>\n<p>AS-i Tallinna Lennujaam juhatuse liikme <strong>Anneli Turkini<\/strong> s\u00f5nul tajub Eesti lennunduse kogukond tervikuna oma tegevuse m\u00f5ju keskkonnale ning teeb iga p\u00e4ev t\u00f6\u00f6d selle nimel, et leida viise, kuidas anda oma panus keskkonnahoidu. \u201eOleme endale seadnud eesm\u00e4rgiks saavutada s\u00fcsinikuneutraalsus aastaks 2030, kuid sel teel on meile jaoks oluline koost\u00f6\u00f6 tegemine k\u00f5igi meie partneritega, sest usume, et koost\u00f6\u00f6s ja \u00fchise eesm\u00e4rgi nimel tegutsedes saavutame k\u00f5ige suurema ja positiivsema m\u00f5ju meie keskkonnale. Meie esimene Rohehommik n\u00e4itas, et keskkonna ja j\u00e4tkusuutlikkusega seotud teemad on meie kogukonna liikmetele olulised ning soov anda oma panus suur,\u201c r\u00e4\u00e4kis Turkin ning lisas, et k\u00f5ik laua taga olnud partnerid tajusid selgelt, et j\u00e4tkusuutlikkus ja keskkonnahoid on muutunud olulisemaks kui kunagi varem ning ka t\u00f6\u00f6tajate ja tarbijate ootused on, et meie jalaj\u00e4lg v\u00e4heneks.<\/p>\n<p>\u201cJ\u00e4tkusuutlikkuse teemadega tegelemiseks on v\u00e4ga oluline luua koost\u00f6\u00f6 partneritega ning seda pidevalt ka arendada. Kuna j\u00e4tkusuutlikkuse teemad on globaalsed, siis nendega tegelemiseks on vaja koondada j\u00f5ud. Mul on v\u00e4ga hea meel, et Tallinna lennujaam on sellise toreda algatusega nagu Rohehommik alustanud ning ma loodan, et v\u00e4rskelt loodud t\u00f6\u00f6gruppides saab nii m\u00f5nigi oluline teema peagi ka j\u00e4tkusuutlikuma lahenduse,\u201d tervitab \u00fcmarlaua algatust Nordic Aviation Group\u2019i j\u00e4tkusuutlikkuse spetsialist<strong> Kevin Uke<\/strong>.<\/p>\n<p>Inspireerivaid ideid jagasid lennundusklastri ettev\u00f5tted nagu Nordic Aviation Group ja Xfly, Rohetiigrid, DHL, Lennuliiklusteeninduse AS, Reitan Convenience AS, Baltic Rest, K\u00f6\u00f6gikunst O\u00dc, Airport Retail, Naftelf Eesti AS, Sokisahtel.<\/p>\n<p>Lennujaama Rohehommik on kogukondlik ettev\u00f5tmine, kus \u00fcmarlaua diskussiooni raames on p\u00f5hiteemadeks inspireerivate ideede ja lugude kaardistamine, j\u00e4tkusuutlikkus, energias\u00e4\u00e4st, energia tootmine, \u00fchekordsest plastist loobumine, keskkonnahoid ja koost\u00f6\u00f6. Pikas perspektiivis soovitakse liikuda j\u00e4tkusuutliku, puhta ja hoitud elu- ning t\u00f6\u00f6keskkonna suunas. Esimene kogukondlik rohehommik leidis aset 2. novembril ning edaspidi toimuvad need iga kolme kuu tagant.<\/p>\n<div id=\"wp-image-wrap-1802\" class=\"content-media-img\">\n<div class=\"responsive-img\"><img decoding=\"async\" class=\"lazyload\" src=\"https:\/\/eac.ee\/wp-content\/uploads\/2022\/12\/Rohehommik-Tallinna-lennujaamas-Zeppelini-saalis-kohtumisel-ettevotete-esindajad-680x510.jpg\" data-sizes=\"auto\" data-src=\"https:\/\/eac.ee\/wp-content\/uploads\/2022\/12\/Rohehommik-Tallinna-lennujaamas-Zeppelini-saalis-kohtumisel-ettevotete-esindajad-1024x768.jpg\" data-srcset=\"https:\/\/eac.ee\/wp-content\/uploads\/2022\/12\/Rohehommik-Tallinna-lennujaamas-Zeppelini-saalis-kohtumisel-ettevotete-esindajad.jpg 2048w, https:\/\/eac.ee\/wp-content\/uploads\/2022\/12\/Rohehommik-Tallinna-lennujaamas-Zeppelini-saalis-kohtumisel-ettevotete-esindajad-1920x1440.jpg 1920w, https:\/\/eac.ee\/wp-content\/uploads\/2022\/12\/Rohehommik-Tallinna-lennujaamas-Zeppelini-saalis-kohtumisel-ettevotete-esindajad-1024x768.jpg 1024w, https:\/\/eac.ee\/wp-content\/uploads\/2022\/12\/Rohehommik-Tallinna-lennujaamas-Zeppelini-saalis-kohtumisel-ettevotete-esindajad-680x510.jpg 680w\" \/><\/div>\n<\/div>\n","protected":false},"author":9,"featured_media":1802,"template":"","tax_news":[47],"class_list":["post-1801","news","type-news","status-publish","has-post-thumbnail","hentry","tax_news-lennufirma"],"acf":[],"yoast_head":"<!-- This site is optimized with the Yoast SEO plugin v27.4 - https:\/\/yoast.com\/product\/yoast-seo-wordpress\/ -->\n<title>Nordic Aviation Group osaleb Tallinna lennujaama Rohehommikute initsiatiivis &#8211; Estonian Aviation Cluster<\/title>\n<meta name=\"robots\" content=\"index, follow, max-snippet:-1, max-image-preview:large, max-video-preview:-1\" \/>\n<link rel=\"canonical\" href=\"https:\/\/eac.ee\/et\/news\/nordic-aviation-group-osaleb-tallinna-lennujaama-rohehommikute-initsiatiivis\/\" \/>\n<meta property=\"og:locale\" content=\"et_EE\" \/>\n<meta property=\"og:type\" content=\"article\" \/>\n<meta property=\"og:title\" content=\"Nordic Aviation Group osaleb Tallinna lennujaama Rohehommikute initsiatiivis &#8211; Estonian Aviation Cluster\" \/>\n<meta property=\"og:description\" content=\"Kodumaine lennufirma Nordic Aviation Group osaleb Tallinna lennujaama algatatud kogukondlikus Rohehommikute initsiatiivis, mille raames kogunesid \u00fcmarlaua taha lennujaama territooriumil ja selle vahetus l\u00e4heduses tegutsevad avaliku- ja erasektori ettev\u00f5tted. Kogukondlike kohtumiste eesm\u00e4rk on otsida koos lahendusi ja koost\u00f6\u00f6v\u00f5imalusi s\u00fcsinikuneutraalsuse, ringmajanduse ja j\u00e4tkusuutlikkuse teemadel, kaasates selleks arutellu Tallinna lennujaamas ja vahetus l\u00e4heduses tegutsevad ettev\u00f5tted. AS Tallinna Lennujaam [&hellip;]\" \/>\n<meta property=\"og:url\" content=\"https:\/\/eac.ee\/et\/news\/nordic-aviation-group-osaleb-tallinna-lennujaama-rohehommikute-initsiatiivis\/\" \/>\n<meta property=\"og:site_name\" content=\"Estonian Aviation Cluster\" \/>\n<meta property=\"og:image\" content=\"https:\/\/eac.ee\/wp-content\/uploads\/2022\/12\/Rohehommik-Tallinna-lennujaamas-Zeppelini-saalis-kohtumisel-ettevotete-esindajad.jpg\" \/>\n\t<meta property=\"og:image:width\" content=\"2048\" \/>\n\t<meta property=\"og:image:height\" content=\"1536\" \/>\n\t<meta property=\"og:image:type\" content=\"image\/jpeg\" \/>\n<meta name=\"twitter:card\" content=\"summary_large_image\" \/>\n<meta name=\"twitter:label1\" content=\"Est. reading time\" \/>\n\t<meta name=\"twitter:data1\" content=\"3 minutit\" \/>\n<script type=\"application\/ld+json\" class=\"yoast-schema-graph\">{\"@context\":\"https:\\\/\\\/schema.org\",\"@graph\":[{\"@type\":\"WebPage\",\"@id\":\"https:\\\/\\\/eac.ee\\\/et\\\/news\\\/nordic-aviation-group-osaleb-tallinna-lennujaama-rohehommikute-initsiatiivis\\\/\",\"url\":\"https:\\\/\\\/eac.ee\\\/et\\\/news\\\/nordic-aviation-group-osaleb-tallinna-lennujaama-rohehommikute-initsiatiivis\\\/\",\"name\":\"Nordic Aviation Group osaleb Tallinna lennujaama Rohehommikute initsiatiivis &#8211; Estonian Aviation Cluster\",\"isPartOf\":{\"@id\":\"https:\\\/\\\/eac.ee\\\/#website\"},\"primaryImageOfPage\":{\"@id\":\"https:\\\/\\\/eac.ee\\\/et\\\/news\\\/nordic-aviation-group-osaleb-tallinna-lennujaama-rohehommikute-initsiatiivis\\\/#primaryimage\"},\"image\":{\"@id\":\"https:\\\/\\\/eac.ee\\\/et\\\/news\\\/nordic-aviation-group-osaleb-tallinna-lennujaama-rohehommikute-initsiatiivis\\\/#primaryimage\"},\"thumbnailUrl\":\"https:\\\/\\\/eac.ee\\\/wp-content\\\/uploads\\\/2022\\\/12\\\/Rohehommik-Tallinna-lennujaamas-Zeppelini-saalis-kohtumisel-ettevotete-esindajad.jpg\",\"datePublished\":\"2022-12-07T11:17:31+00:00\",\"breadcrumb\":{\"@id\":\"https:\\\/\\\/eac.ee\\\/et\\\/news\\\/nordic-aviation-group-osaleb-tallinna-lennujaama-rohehommikute-initsiatiivis\\\/#breadcrumb\"},\"inLanguage\":\"et\",\"potentialAction\":[{\"@type\":\"ReadAction\",\"target\":[\"https:\\\/\\\/eac.ee\\\/et\\\/news\\\/nordic-aviation-group-osaleb-tallinna-lennujaama-rohehommikute-initsiatiivis\\\/\"]}]},{\"@type\":\"ImageObject\",\"inLanguage\":\"et\",\"@id\":\"https:\\\/\\\/eac.ee\\\/et\\\/news\\\/nordic-aviation-group-osaleb-tallinna-lennujaama-rohehommikute-initsiatiivis\\\/#primaryimage\",\"url\":\"https:\\\/\\\/eac.ee\\\/wp-content\\\/uploads\\\/2022\\\/12\\\/Rohehommik-Tallinna-lennujaamas-Zeppelini-saalis-kohtumisel-ettevotete-esindajad.jpg\",\"contentUrl\":\"https:\\\/\\\/eac.ee\\\/wp-content\\\/uploads\\\/2022\\\/12\\\/Rohehommik-Tallinna-lennujaamas-Zeppelini-saalis-kohtumisel-ettevotete-esindajad.jpg\",\"width\":2048,\"height\":1536},{\"@type\":\"BreadcrumbList\",\"@id\":\"https:\\\/\\\/eac.ee\\\/et\\\/news\\\/nordic-aviation-group-osaleb-tallinna-lennujaama-rohehommikute-initsiatiivis\\\/#breadcrumb\",\"itemListElement\":[{\"@type\":\"ListItem\",\"position\":1,\"name\":\"Home\",\"item\":\"https:\\\/\\\/eac.ee\\\/et\\\/\"},{\"@type\":\"ListItem\",\"position\":2,\"name\":\"Nordic Aviation Group osaleb Tallinna lennujaama Rohehommikute initsiatiivis\"}]},{\"@type\":\"WebSite\",\"@id\":\"https:\\\/\\\/eac.ee\\\/#website\",\"url\":\"https:\\\/\\\/eac.ee\\\/\",\"name\":\"Estonian Aviation Cluster\",\"description\":\"\",\"potentialAction\":[{\"@type\":\"SearchAction\",\"target\":{\"@type\":\"EntryPoint\",\"urlTemplate\":\"https:\\\/\\\/eac.ee\\\/?s={search_term_string}\"},\"query-input\":{\"@type\":\"PropertyValueSpecification\",\"valueRequired\":true,\"valueName\":\"search_term_string\"}}],\"inLanguage\":\"et\"}]}<\/script>\n<!-- \/ Yoast SEO plugin. -->","yoast_head_json":{"title":"Nordic Aviation Group osaleb Tallinna lennujaama Rohehommikute initsiatiivis &#8211; Estonian Aviation Cluster","robots":{"index":"index","follow":"follow","max-snippet":"max-snippet:-1","max-image-preview":"max-image-preview:large","max-video-preview":"max-video-preview:-1"},"canonical":"https:\/\/eac.ee\/et\/news\/nordic-aviation-group-osaleb-tallinna-lennujaama-rohehommikute-initsiatiivis\/","og_locale":"et_EE","og_type":"article","og_title":"Nordic Aviation Group osaleb Tallinna lennujaama Rohehommikute initsiatiivis &#8211; Estonian Aviation Cluster","og_description":"Kodumaine lennufirma Nordic Aviation Group osaleb Tallinna lennujaama algatatud kogukondlikus Rohehommikute initsiatiivis, mille raames kogunesid \u00fcmarlaua taha lennujaama territooriumil ja selle vahetus l\u00e4heduses tegutsevad avaliku- ja erasektori ettev\u00f5tted. Kogukondlike kohtumiste eesm\u00e4rk on otsida koos lahendusi ja koost\u00f6\u00f6v\u00f5imalusi s\u00fcsinikuneutraalsuse, ringmajanduse ja j\u00e4tkusuutlikkuse teemadel, kaasates selleks arutellu Tallinna lennujaamas ja vahetus l\u00e4heduses tegutsevad ettev\u00f5tted. AS Tallinna Lennujaam [&hellip;]","og_url":"https:\/\/eac.ee\/et\/news\/nordic-aviation-group-osaleb-tallinna-lennujaama-rohehommikute-initsiatiivis\/","og_site_name":"Estonian Aviation Cluster","og_image":[{"width":2048,"height":1536,"url":"https:\/\/eac.ee\/wp-content\/uploads\/2022\/12\/Rohehommik-Tallinna-lennujaamas-Zeppelini-saalis-kohtumisel-ettevotete-esindajad.jpg","type":"image\/jpeg"}],"twitter_card":"summary_large_image","twitter_misc":{"Est. reading time":"3 minutit"},"schema":{"@context":"https:\/\/schema.org","@graph":[{"@type":"WebPage","@id":"https:\/\/eac.ee\/et\/news\/nordic-aviation-group-osaleb-tallinna-lennujaama-rohehommikute-initsiatiivis\/","url":"https:\/\/eac.ee\/et\/news\/nordic-aviation-group-osaleb-tallinna-lennujaama-rohehommikute-initsiatiivis\/","name":"Nordic Aviation Group osaleb Tallinna lennujaama Rohehommikute initsiatiivis &#8211; Estonian Aviation Cluster","isPartOf":{"@id":"https:\/\/eac.ee\/#website"},"primaryImageOfPage":{"@id":"https:\/\/eac.ee\/et\/news\/nordic-aviation-group-osaleb-tallinna-lennujaama-rohehommikute-initsiatiivis\/#primaryimage"},"image":{"@id":"https:\/\/eac.ee\/et\/news\/nordic-aviation-group-osaleb-tallinna-lennujaama-rohehommikute-initsiatiivis\/#primaryimage"},"thumbnailUrl":"https:\/\/eac.ee\/wp-content\/uploads\/2022\/12\/Rohehommik-Tallinna-lennujaamas-Zeppelini-saalis-kohtumisel-ettevotete-esindajad.jpg","datePublished":"2022-12-07T11:17:31+00:00","breadcrumb":{"@id":"https:\/\/eac.ee\/et\/news\/nordic-aviation-group-osaleb-tallinna-lennujaama-rohehommikute-initsiatiivis\/#breadcrumb"},"inLanguage":"et","potentialAction":[{"@type":"ReadAction","target":["https:\/\/eac.ee\/et\/news\/nordic-aviation-group-osaleb-tallinna-lennujaama-rohehommikute-initsiatiivis\/"]}]},{"@type":"ImageObject","inLanguage":"et","@id":"https:\/\/eac.ee\/et\/news\/nordic-aviation-group-osaleb-tallinna-lennujaama-rohehommikute-initsiatiivis\/#primaryimage","url":"https:\/\/eac.ee\/wp-content\/uploads\/2022\/12\/Rohehommik-Tallinna-lennujaamas-Zeppelini-saalis-kohtumisel-ettevotete-esindajad.jpg","contentUrl":"https:\/\/eac.ee\/wp-content\/uploads\/2022\/12\/Rohehommik-Tallinna-lennujaamas-Zeppelini-saalis-kohtumisel-ettevotete-esindajad.jpg","width":2048,"height":1536},{"@type":"BreadcrumbList","@id":"https:\/\/eac.ee\/et\/news\/nordic-aviation-group-osaleb-tallinna-lennujaama-rohehommikute-initsiatiivis\/#breadcrumb","itemListElement":[{"@type":"ListItem","position":1,"name":"Home","item":"https:\/\/eac.ee\/et\/"},{"@type":"ListItem","position":2,"name":"Nordic Aviation Group osaleb Tallinna lennujaama Rohehommikute initsiatiivis"}]},{"@type":"WebSite","@id":"https:\/\/eac.ee\/#website","url":"https:\/\/eac.ee\/","name":"Estonian Aviation Cluster","description":"","potentialAction":[{"@type":"SearchAction","target":{"@type":"EntryPoint","urlTemplate":"https:\/\/eac.ee\/?s={search_term_string}"},"query-input":{"@type":"PropertyValueSpecification","valueRequired":true,"valueName":"search_term_string"}}],"inLanguage":"et"}]}},"_links":{"self":[{"href":"https:\/\/eac.ee\/et\/wp-json\/wp\/v2\/news\/1801","targetHints":{"allow":["GET"]}}],"collection":[{"href":"https:\/\/eac.ee\/et\/wp-json\/wp\/v2\/news"}],"about":[{"href":"https:\/\/eac.ee\/et\/wp-json\/wp\/v2\/types\/news"}],"author":[{"embeddable":true,"href":"https:\/\/eac.ee\/et\/wp-json\/wp\/v2\/users\/9"}],"wp:featuredmedia":[{"embeddable":true,"href":"https:\/\/eac.ee\/et\/wp-json\/wp\/v2\/media\/1802"}],"wp:attachment":[{"href":"https:\/\/eac.ee\/et\/wp-json\/wp\/v2\/media?parent=1801"}],"wp:term":[{"taxonomy":"tax_news","embeddable":true,"href":"https:\/\/eac.ee\/et\/wp-json\/wp\/v2\/tax_news?post=1801"}],"curies":[{"name":"wp","href":"https:\/\/api.w.org\/{rel}","templated":true}]}}