{"id":1891,"date":"2023-05-29T14:44:04","date_gmt":"2023-05-29T11:44:04","guid":{"rendered":"https:\/\/eac.ee\/?post_type=news&#038;p=1891"},"modified":"2023-05-29T15:07:14","modified_gmt":"2023-05-29T12:07:14","slug":"esimest-korda-eesti-lennunduse-ajaloos-juhib-lennufirmat-valdavalt-naistest-koosnev-meeskond","status":"publish","type":"news","link":"https:\/\/eac.ee\/et\/uudised\/esimest-korda-eesti-lennunduse-ajaloos-juhib-lennufirmat-valdavalt-naistest-koosnev-meeskond\/","title":{"rendered":"Esimest korda Eesti lennunduse ajaloos juhib lennufirmat valdavalt naistest koosnev meeskond"},"content":{"rendered":"<p>Eesti riigile kuuluvas lennufirmas, mis opereerib Xfly ja Nordica br\u00e4ndide all lende Euroopa taevalaotuses, puhuvad uued tuuled: <strong>Airi Kaunissaare<\/strong> asumisega turundus-, kommunikatsiooni ja j\u00e4tkusuutlikkuse juhi positsioonile on lennufirma juhtkonnas n\u00fc\u00fcd rohkem naisi kui mehi. Hubase Tallinna Lennujaama vahetus l\u00e4heduses asuvas kontoris langetab otsuseid, mis toetavad ettev\u00f5tte laienemist Euroopa turgudel, reisisektori kogemusega eksperdi v\u00f5rra t\u00e4ienenud juhtkond. Senine turundusjuht Toomas Uibo suundus 10. aprillist t\u00f6\u00f6le riigikokku.<\/p>\n<p>Lennundusgrupi tegevjuht <strong>Jan Palm\u00e9ri<\/strong> s\u00f5nul r\u00e4\u00e4kis Airi Kaunissaare kasuks tema varasem t\u00f6\u00f6kogemus kommunikatsiooni ja turundussektoris, samuti karj\u00e4\u00e4r Eesti ja Baltimaade suurimas reisib\u00fcroos Estravel Group. \u201cUsun, et Airil on ettev\u00f5ttele palju anda ja tema varasemad kogemused reisisektorist aitavad meie edukat laienemist Euroopa lennundusturul h\u00e4sti toetada,\u201d lisas ta.<\/p>\n<p>Airi Kaunissaare t\u00f6\u00f6tas kuni koroonaajastu alguseni Estraveli turundusdirektorina, vastutades nii Eesti kui Estraveli rahvusvaheliste s\u00f5sar- ja t\u00fctarettev\u00f5tete turundustegevuste ning muuhulgas ka oluliste Estravel Groupi reisibr\u00e4ndide loomise ja arendamise eest. Kaunissaare on varem avaldanud reisiraamatu \u201cMinu Austraalia\u201d ning olnud mitmete edukate loomeprojektide, sealhulgas n\u00e4iteks Tallinna \u00dclikooli korduvalt auhinnatud &#8220;\u00dche Minuti Loengu&#8221; videosarja looja ja elluviija. Kaunissaare on omandanud magistrikraadi Tartu \u00dclikooli ajakirjanduse ja Tallinna \u00dclikooli televisiooni erialal. Ta on t\u00f6\u00f6tanud ajakirjaniku ja kommunikatsioonijuhina erinevates Eesti riigiasutustes.<\/p>\n<p>\u201cMul on s\u00fcdamest hea meel liituda niiv\u00f5rd d\u00fcnaamilise rahvusvahelise lennundusettev\u00f5ttega nagu seda on Eesti lennunduse lipulaev Nordic Aviation Group,\u201d s\u00f5nas Kaunissaare. \u201cReisi- ja lennundusmaailmal pole olnud t\u00e4nu hiljutisele koroonapandeemiale sugugi lihtsad ajad, kuid n\u00f5udlus reisimise j\u00e4rele on tugevalt taastumas. Tunnustan senise turundus-,\u00a0 kommunikatsiooni ja j\u00e4tkusuutlikkuse juhi Toomas Uibo aastatepikkust p\u00fchendunud t\u00f6\u00f6d, mille \u00fcks p\u00e4rle on eduka br\u00e4ndi Xfly ellukutsumine ja arendus. Soovin anda n\u00fc\u00fcd oma panuse selle p\u00f6\u00f6raselt areneva ettev\u00f5tte arengusse.\u201d<\/p>\n<p>N\u00f5udlus m\u00e4rgrenditeenuse j\u00e4rele Euroopas kasvab, samas ka konkurents on tihe. V\u00f5idab see, kel k\u00f5ige kiiremini rahvusvahelistuda \u00f5nnestub ja \u00f5igel ajal tehnilise haridusega tippspetsialiste ning kes koolitatud pardapersonali ja piloote pardale kutsuda oskab, samuti olemasolevad t\u00f6\u00f6tajaid hoiab.<\/p>\n<div id=\"wp-image-wrap-1892\" class=\"content-media-img\">\n<div class=\"responsive-img\"><img decoding=\"async\" class=\"lazyload\" src=\"https:\/\/eac.ee\/wp-content\/uploads\/2023\/05\/airi-680x453.png\" data-sizes=\"auto\" data-src=\"https:\/\/eac.ee\/wp-content\/uploads\/2023\/05\/airi-1024x682.png\" data-srcset=\"https:\/\/eac.ee\/wp-content\/uploads\/2023\/05\/airi.png 2048w, https:\/\/eac.ee\/wp-content\/uploads\/2023\/05\/airi.png 1920w, https:\/\/eac.ee\/wp-content\/uploads\/2023\/05\/airi-1024x682.png 1024w, https:\/\/eac.ee\/wp-content\/uploads\/2023\/05\/airi-680x453.png 680w\" \/><\/div>\n<\/div>\n","protected":false},"author":9,"featured_media":1892,"template":"","tax_news":[47],"class_list":["post-1891","news","type-news","status-publish","has-post-thumbnail","hentry","tax_news-lennufirma"],"acf":[],"yoast_head":"<!-- This site is optimized with the Yoast SEO plugin v27.4 - https:\/\/yoast.com\/product\/yoast-seo-wordpress\/ -->\n<title>Esimest korda Eesti lennunduse ajaloos juhib lennufirmat valdavalt naistest koosnev meeskond &#8211; Estonian Aviation Cluster<\/title>\n<meta name=\"robots\" content=\"index, follow, max-snippet:-1, max-image-preview:large, max-video-preview:-1\" \/>\n<link rel=\"canonical\" href=\"https:\/\/eac.ee\/et\/news\/esimest-korda-eesti-lennunduse-ajaloos-juhib-lennufirmat-valdavalt-naistest-koosnev-meeskond\/\" \/>\n<meta property=\"og:locale\" content=\"et_EE\" \/>\n<meta property=\"og:type\" content=\"article\" \/>\n<meta property=\"og:title\" content=\"Esimest korda Eesti lennunduse ajaloos juhib lennufirmat valdavalt naistest koosnev meeskond &#8211; Estonian Aviation Cluster\" \/>\n<meta property=\"og:description\" content=\"Eesti riigile kuuluvas lennufirmas, mis opereerib Xfly ja Nordica br\u00e4ndide all lende Euroopa taevalaotuses, puhuvad uued tuuled: Airi Kaunissaare asumisega turundus-, kommunikatsiooni ja j\u00e4tkusuutlikkuse juhi positsioonile on lennufirma juhtkonnas n\u00fc\u00fcd rohkem naisi kui mehi. Hubase Tallinna Lennujaama vahetus l\u00e4heduses asuvas kontoris langetab otsuseid, mis toetavad ettev\u00f5tte laienemist Euroopa turgudel, reisisektori kogemusega eksperdi v\u00f5rra t\u00e4ienenud juhtkond. [&hellip;]\" \/>\n<meta property=\"og:url\" content=\"https:\/\/eac.ee\/et\/news\/esimest-korda-eesti-lennunduse-ajaloos-juhib-lennufirmat-valdavalt-naistest-koosnev-meeskond\/\" \/>\n<meta property=\"og:site_name\" content=\"Estonian Aviation Cluster\" \/>\n<meta property=\"article:modified_time\" content=\"2023-05-29T12:07:14+00:00\" \/>\n<meta property=\"og:image\" content=\"https:\/\/eac.ee\/wp-content\/uploads\/2023\/05\/airi.png\" \/>\n\t<meta property=\"og:image:width\" content=\"1280\" \/>\n\t<meta property=\"og:image:height\" content=\"853\" \/>\n\t<meta property=\"og:image:type\" content=\"image\/png\" \/>\n<meta name=\"twitter:card\" content=\"summary_large_image\" \/>\n<meta name=\"twitter:label1\" content=\"Est. reading time\" \/>\n\t<meta name=\"twitter:data1\" content=\"2 minutit\" \/>\n<script type=\"application\/ld+json\" class=\"yoast-schema-graph\">{\"@context\":\"https:\\\/\\\/schema.org\",\"@graph\":[{\"@type\":\"WebPage\",\"@id\":\"https:\\\/\\\/eac.ee\\\/et\\\/news\\\/esimest-korda-eesti-lennunduse-ajaloos-juhib-lennufirmat-valdavalt-naistest-koosnev-meeskond\\\/\",\"url\":\"https:\\\/\\\/eac.ee\\\/et\\\/news\\\/esimest-korda-eesti-lennunduse-ajaloos-juhib-lennufirmat-valdavalt-naistest-koosnev-meeskond\\\/\",\"name\":\"Esimest korda Eesti lennunduse ajaloos juhib lennufirmat valdavalt naistest koosnev meeskond &#8211; Estonian Aviation Cluster\",\"isPartOf\":{\"@id\":\"https:\\\/\\\/eac.ee\\\/#website\"},\"primaryImageOfPage\":{\"@id\":\"https:\\\/\\\/eac.ee\\\/et\\\/news\\\/esimest-korda-eesti-lennunduse-ajaloos-juhib-lennufirmat-valdavalt-naistest-koosnev-meeskond\\\/#primaryimage\"},\"image\":{\"@id\":\"https:\\\/\\\/eac.ee\\\/et\\\/news\\\/esimest-korda-eesti-lennunduse-ajaloos-juhib-lennufirmat-valdavalt-naistest-koosnev-meeskond\\\/#primaryimage\"},\"thumbnailUrl\":\"https:\\\/\\\/eac.ee\\\/wp-content\\\/uploads\\\/2023\\\/05\\\/airi.png\",\"datePublished\":\"2023-05-29T11:44:04+00:00\",\"dateModified\":\"2023-05-29T12:07:14+00:00\",\"breadcrumb\":{\"@id\":\"https:\\\/\\\/eac.ee\\\/et\\\/news\\\/esimest-korda-eesti-lennunduse-ajaloos-juhib-lennufirmat-valdavalt-naistest-koosnev-meeskond\\\/#breadcrumb\"},\"inLanguage\":\"et\",\"potentialAction\":[{\"@type\":\"ReadAction\",\"target\":[\"https:\\\/\\\/eac.ee\\\/et\\\/news\\\/esimest-korda-eesti-lennunduse-ajaloos-juhib-lennufirmat-valdavalt-naistest-koosnev-meeskond\\\/\"]}]},{\"@type\":\"ImageObject\",\"inLanguage\":\"et\",\"@id\":\"https:\\\/\\\/eac.ee\\\/et\\\/news\\\/esimest-korda-eesti-lennunduse-ajaloos-juhib-lennufirmat-valdavalt-naistest-koosnev-meeskond\\\/#primaryimage\",\"url\":\"https:\\\/\\\/eac.ee\\\/wp-content\\\/uploads\\\/2023\\\/05\\\/airi.png\",\"contentUrl\":\"https:\\\/\\\/eac.ee\\\/wp-content\\\/uploads\\\/2023\\\/05\\\/airi.png\",\"width\":1280,\"height\":853},{\"@type\":\"BreadcrumbList\",\"@id\":\"https:\\\/\\\/eac.ee\\\/et\\\/news\\\/esimest-korda-eesti-lennunduse-ajaloos-juhib-lennufirmat-valdavalt-naistest-koosnev-meeskond\\\/#breadcrumb\",\"itemListElement\":[{\"@type\":\"ListItem\",\"position\":1,\"name\":\"Home\",\"item\":\"https:\\\/\\\/eac.ee\\\/et\\\/\"},{\"@type\":\"ListItem\",\"position\":2,\"name\":\"Esimest korda Eesti lennunduse ajaloos juhib lennufirmat valdavalt naistest koosnev meeskond\"}]},{\"@type\":\"WebSite\",\"@id\":\"https:\\\/\\\/eac.ee\\\/#website\",\"url\":\"https:\\\/\\\/eac.ee\\\/\",\"name\":\"Estonian Aviation Cluster\",\"description\":\"\",\"potentialAction\":[{\"@type\":\"SearchAction\",\"target\":{\"@type\":\"EntryPoint\",\"urlTemplate\":\"https:\\\/\\\/eac.ee\\\/?s={search_term_string}\"},\"query-input\":{\"@type\":\"PropertyValueSpecification\",\"valueRequired\":true,\"valueName\":\"search_term_string\"}}],\"inLanguage\":\"et\"}]}<\/script>\n<!-- \/ Yoast SEO plugin. -->","yoast_head_json":{"title":"Esimest korda Eesti lennunduse ajaloos juhib lennufirmat valdavalt naistest koosnev meeskond &#8211; Estonian Aviation Cluster","robots":{"index":"index","follow":"follow","max-snippet":"max-snippet:-1","max-image-preview":"max-image-preview:large","max-video-preview":"max-video-preview:-1"},"canonical":"https:\/\/eac.ee\/et\/news\/esimest-korda-eesti-lennunduse-ajaloos-juhib-lennufirmat-valdavalt-naistest-koosnev-meeskond\/","og_locale":"et_EE","og_type":"article","og_title":"Esimest korda Eesti lennunduse ajaloos juhib lennufirmat valdavalt naistest koosnev meeskond &#8211; Estonian Aviation Cluster","og_description":"Eesti riigile kuuluvas lennufirmas, mis opereerib Xfly ja Nordica br\u00e4ndide all lende Euroopa taevalaotuses, puhuvad uued tuuled: Airi Kaunissaare asumisega turundus-, kommunikatsiooni ja j\u00e4tkusuutlikkuse juhi positsioonile on lennufirma juhtkonnas n\u00fc\u00fcd rohkem naisi kui mehi. Hubase Tallinna Lennujaama vahetus l\u00e4heduses asuvas kontoris langetab otsuseid, mis toetavad ettev\u00f5tte laienemist Euroopa turgudel, reisisektori kogemusega eksperdi v\u00f5rra t\u00e4ienenud juhtkond. [&hellip;]","og_url":"https:\/\/eac.ee\/et\/news\/esimest-korda-eesti-lennunduse-ajaloos-juhib-lennufirmat-valdavalt-naistest-koosnev-meeskond\/","og_site_name":"Estonian Aviation Cluster","article_modified_time":"2023-05-29T12:07:14+00:00","og_image":[{"width":1280,"height":853,"url":"https:\/\/eac.ee\/wp-content\/uploads\/2023\/05\/airi.png","type":"image\/png"}],"twitter_card":"summary_large_image","twitter_misc":{"Est. reading time":"2 minutit"},"schema":{"@context":"https:\/\/schema.org","@graph":[{"@type":"WebPage","@id":"https:\/\/eac.ee\/et\/news\/esimest-korda-eesti-lennunduse-ajaloos-juhib-lennufirmat-valdavalt-naistest-koosnev-meeskond\/","url":"https:\/\/eac.ee\/et\/news\/esimest-korda-eesti-lennunduse-ajaloos-juhib-lennufirmat-valdavalt-naistest-koosnev-meeskond\/","name":"Esimest korda Eesti lennunduse ajaloos juhib lennufirmat valdavalt naistest koosnev meeskond &#8211; Estonian Aviation Cluster","isPartOf":{"@id":"https:\/\/eac.ee\/#website"},"primaryImageOfPage":{"@id":"https:\/\/eac.ee\/et\/news\/esimest-korda-eesti-lennunduse-ajaloos-juhib-lennufirmat-valdavalt-naistest-koosnev-meeskond\/#primaryimage"},"image":{"@id":"https:\/\/eac.ee\/et\/news\/esimest-korda-eesti-lennunduse-ajaloos-juhib-lennufirmat-valdavalt-naistest-koosnev-meeskond\/#primaryimage"},"thumbnailUrl":"https:\/\/eac.ee\/wp-content\/uploads\/2023\/05\/airi.png","datePublished":"2023-05-29T11:44:04+00:00","dateModified":"2023-05-29T12:07:14+00:00","breadcrumb":{"@id":"https:\/\/eac.ee\/et\/news\/esimest-korda-eesti-lennunduse-ajaloos-juhib-lennufirmat-valdavalt-naistest-koosnev-meeskond\/#breadcrumb"},"inLanguage":"et","potentialAction":[{"@type":"ReadAction","target":["https:\/\/eac.ee\/et\/news\/esimest-korda-eesti-lennunduse-ajaloos-juhib-lennufirmat-valdavalt-naistest-koosnev-meeskond\/"]}]},{"@type":"ImageObject","inLanguage":"et","@id":"https:\/\/eac.ee\/et\/news\/esimest-korda-eesti-lennunduse-ajaloos-juhib-lennufirmat-valdavalt-naistest-koosnev-meeskond\/#primaryimage","url":"https:\/\/eac.ee\/wp-content\/uploads\/2023\/05\/airi.png","contentUrl":"https:\/\/eac.ee\/wp-content\/uploads\/2023\/05\/airi.png","width":1280,"height":853},{"@type":"BreadcrumbList","@id":"https:\/\/eac.ee\/et\/news\/esimest-korda-eesti-lennunduse-ajaloos-juhib-lennufirmat-valdavalt-naistest-koosnev-meeskond\/#breadcrumb","itemListElement":[{"@type":"ListItem","position":1,"name":"Home","item":"https:\/\/eac.ee\/et\/"},{"@type":"ListItem","position":2,"name":"Esimest korda Eesti lennunduse ajaloos juhib lennufirmat valdavalt naistest koosnev meeskond"}]},{"@type":"WebSite","@id":"https:\/\/eac.ee\/#website","url":"https:\/\/eac.ee\/","name":"Estonian Aviation Cluster","description":"","potentialAction":[{"@type":"SearchAction","target":{"@type":"EntryPoint","urlTemplate":"https:\/\/eac.ee\/?s={search_term_string}"},"query-input":{"@type":"PropertyValueSpecification","valueRequired":true,"valueName":"search_term_string"}}],"inLanguage":"et"}]}},"_links":{"self":[{"href":"https:\/\/eac.ee\/et\/wp-json\/wp\/v2\/news\/1891","targetHints":{"allow":["GET"]}}],"collection":[{"href":"https:\/\/eac.ee\/et\/wp-json\/wp\/v2\/news"}],"about":[{"href":"https:\/\/eac.ee\/et\/wp-json\/wp\/v2\/types\/news"}],"author":[{"embeddable":true,"href":"https:\/\/eac.ee\/et\/wp-json\/wp\/v2\/users\/9"}],"wp:featuredmedia":[{"embeddable":true,"href":"https:\/\/eac.ee\/et\/wp-json\/wp\/v2\/media\/1892"}],"wp:attachment":[{"href":"https:\/\/eac.ee\/et\/wp-json\/wp\/v2\/media?parent=1891"}],"wp:term":[{"taxonomy":"tax_news","embeddable":true,"href":"https:\/\/eac.ee\/et\/wp-json\/wp\/v2\/tax_news?post=1891"}],"curies":[{"name":"wp","href":"https:\/\/api.w.org\/{rel}","templated":true}]}}