{"id":2031,"date":"2023-09-28T17:25:32","date_gmt":"2023-09-28T14:25:32","guid":{"rendered":"https:\/\/eac.ee\/?post_type=news&#038;p=2031"},"modified":"2023-09-28T17:25:32","modified_gmt":"2023-09-28T14:25:32","slug":"lennuakadeemia-viib-nuudsest-labi-elpac-keeleteste","status":"publish","type":"news","link":"https:\/\/eac.ee\/et\/uudised\/lennuakadeemia-viib-nuudsest-labi-elpac-keeleteste\/","title":{"rendered":"Lennuakadeemia viib n\u00fc\u00fcdsest l\u00e4bi ELPAC keeleteste"},"content":{"rendered":"<p>Eesti Lennuakadeemia on Transpordiameti poolt volitatud lennunduse inglise erialakeele testimiskeskus. Testimiseks kasutatakse sellest s\u00fcgisest Eurocontroli heakskiidul ELPAC testi.<\/p>\n<p>Olenevalt p\u00e4devusest on tasemetestil kaks versiooni &#8211; \u00fcks lennujuhtidele ja teine pilootidele. V\u00f5imalik on saavutada ICAO tase 4 v\u00f5i tase 5. Taset 6 akadeemias hetkel ei testita. Testi tulemus on teada samal p\u00e4eval.<\/p>\n<p>Testi viiakse l\u00e4bi akadeemias kohapeal iga kuu esimesel teisip\u00e4eval, kokkuleppel ka v\u00e4ljaspool akadeemiat.<\/p>\n<p>Lisainfo ja registreerumine: <a href=\"mailto:keeletest@eava.ee\">keeletest@eava.ee<\/a>.<\/p>\n","protected":false},"author":9,"featured_media":2032,"template":"","tax_news":[],"class_list":["post-2031","news","type-news","status-publish","has-post-thumbnail","hentry"],"acf":[],"yoast_head":"<!-- This site is optimized with the Yoast SEO plugin v27.4 - https:\/\/yoast.com\/product\/yoast-seo-wordpress\/ -->\n<title>Lennuakadeemia viib n\u00fc\u00fcdsest l\u00e4bi ELPAC keeleteste &#8211; Estonian Aviation Cluster<\/title>\n<meta name=\"robots\" content=\"index, follow, max-snippet:-1, max-image-preview:large, max-video-preview:-1\" \/>\n<link rel=\"canonical\" href=\"https:\/\/eac.ee\/et\/news\/lennuakadeemia-viib-nuudsest-labi-elpac-keeleteste\/\" \/>\n<meta property=\"og:locale\" content=\"et_EE\" \/>\n<meta property=\"og:type\" content=\"article\" \/>\n<meta property=\"og:title\" content=\"Lennuakadeemia viib n\u00fc\u00fcdsest l\u00e4bi ELPAC keeleteste &#8211; Estonian Aviation Cluster\" \/>\n<meta property=\"og:description\" content=\"Eesti Lennuakadeemia on Transpordiameti poolt volitatud lennunduse inglise erialakeele testimiskeskus. Testimiseks kasutatakse sellest s\u00fcgisest Eurocontroli heakskiidul ELPAC testi. Olenevalt p\u00e4devusest on tasemetestil kaks versiooni &#8211; \u00fcks lennujuhtidele ja teine pilootidele. V\u00f5imalik on saavutada ICAO tase 4 v\u00f5i tase 5. Taset 6 akadeemias hetkel ei testita. Testi tulemus on teada samal p\u00e4eval. Testi viiakse l\u00e4bi akadeemias [&hellip;]\" \/>\n<meta property=\"og:url\" content=\"https:\/\/eac.ee\/et\/news\/lennuakadeemia-viib-nuudsest-labi-elpac-keeleteste\/\" \/>\n<meta property=\"og:site_name\" content=\"Estonian Aviation Cluster\" \/>\n<meta property=\"og:image\" content=\"https:\/\/eac.ee\/wp-content\/uploads\/2023\/09\/Screenshot-2023-09-28-at-17.24.59.png\" \/>\n\t<meta property=\"og:image:width\" content=\"1256\" \/>\n\t<meta property=\"og:image:height\" content=\"726\" \/>\n\t<meta property=\"og:image:type\" content=\"image\/png\" \/>\n<meta name=\"twitter:card\" content=\"summary_large_image\" \/>\n<meta name=\"twitter:label1\" content=\"Est. reading time\" \/>\n\t<meta name=\"twitter:data1\" content=\"1 minut\" \/>\n<script type=\"application\/ld+json\" class=\"yoast-schema-graph\">{\"@context\":\"https:\\\/\\\/schema.org\",\"@graph\":[{\"@type\":\"WebPage\",\"@id\":\"https:\\\/\\\/eac.ee\\\/et\\\/news\\\/lennuakadeemia-viib-nuudsest-labi-elpac-keeleteste\\\/\",\"url\":\"https:\\\/\\\/eac.ee\\\/et\\\/news\\\/lennuakadeemia-viib-nuudsest-labi-elpac-keeleteste\\\/\",\"name\":\"Lennuakadeemia viib n\u00fc\u00fcdsest l\u00e4bi ELPAC keeleteste &#8211; Estonian Aviation Cluster\",\"isPartOf\":{\"@id\":\"https:\\\/\\\/eac.ee\\\/#website\"},\"primaryImageOfPage\":{\"@id\":\"https:\\\/\\\/eac.ee\\\/et\\\/news\\\/lennuakadeemia-viib-nuudsest-labi-elpac-keeleteste\\\/#primaryimage\"},\"image\":{\"@id\":\"https:\\\/\\\/eac.ee\\\/et\\\/news\\\/lennuakadeemia-viib-nuudsest-labi-elpac-keeleteste\\\/#primaryimage\"},\"thumbnailUrl\":\"https:\\\/\\\/eac.ee\\\/wp-content\\\/uploads\\\/2023\\\/09\\\/Screenshot-2023-09-28-at-17.24.59.png\",\"datePublished\":\"2023-09-28T14:25:32+00:00\",\"breadcrumb\":{\"@id\":\"https:\\\/\\\/eac.ee\\\/et\\\/news\\\/lennuakadeemia-viib-nuudsest-labi-elpac-keeleteste\\\/#breadcrumb\"},\"inLanguage\":\"et\",\"potentialAction\":[{\"@type\":\"ReadAction\",\"target\":[\"https:\\\/\\\/eac.ee\\\/et\\\/news\\\/lennuakadeemia-viib-nuudsest-labi-elpac-keeleteste\\\/\"]}]},{\"@type\":\"ImageObject\",\"inLanguage\":\"et\",\"@id\":\"https:\\\/\\\/eac.ee\\\/et\\\/news\\\/lennuakadeemia-viib-nuudsest-labi-elpac-keeleteste\\\/#primaryimage\",\"url\":\"https:\\\/\\\/eac.ee\\\/wp-content\\\/uploads\\\/2023\\\/09\\\/Screenshot-2023-09-28-at-17.24.59.png\",\"contentUrl\":\"https:\\\/\\\/eac.ee\\\/wp-content\\\/uploads\\\/2023\\\/09\\\/Screenshot-2023-09-28-at-17.24.59.png\",\"width\":1256,\"height\":726},{\"@type\":\"BreadcrumbList\",\"@id\":\"https:\\\/\\\/eac.ee\\\/et\\\/news\\\/lennuakadeemia-viib-nuudsest-labi-elpac-keeleteste\\\/#breadcrumb\",\"itemListElement\":[{\"@type\":\"ListItem\",\"position\":1,\"name\":\"Home\",\"item\":\"https:\\\/\\\/eac.ee\\\/et\\\/\"},{\"@type\":\"ListItem\",\"position\":2,\"name\":\"Lennuakadeemia viib n\u00fc\u00fcdsest l\u00e4bi ELPAC keeleteste\"}]},{\"@type\":\"WebSite\",\"@id\":\"https:\\\/\\\/eac.ee\\\/#website\",\"url\":\"https:\\\/\\\/eac.ee\\\/\",\"name\":\"Estonian Aviation Cluster\",\"description\":\"\",\"potentialAction\":[{\"@type\":\"SearchAction\",\"target\":{\"@type\":\"EntryPoint\",\"urlTemplate\":\"https:\\\/\\\/eac.ee\\\/?s={search_term_string}\"},\"query-input\":{\"@type\":\"PropertyValueSpecification\",\"valueRequired\":true,\"valueName\":\"search_term_string\"}}],\"inLanguage\":\"et\"}]}<\/script>\n<!-- \/ Yoast SEO plugin. -->","yoast_head_json":{"title":"Lennuakadeemia viib n\u00fc\u00fcdsest l\u00e4bi ELPAC keeleteste &#8211; Estonian Aviation Cluster","robots":{"index":"index","follow":"follow","max-snippet":"max-snippet:-1","max-image-preview":"max-image-preview:large","max-video-preview":"max-video-preview:-1"},"canonical":"https:\/\/eac.ee\/et\/news\/lennuakadeemia-viib-nuudsest-labi-elpac-keeleteste\/","og_locale":"et_EE","og_type":"article","og_title":"Lennuakadeemia viib n\u00fc\u00fcdsest l\u00e4bi ELPAC keeleteste &#8211; Estonian Aviation Cluster","og_description":"Eesti Lennuakadeemia on Transpordiameti poolt volitatud lennunduse inglise erialakeele testimiskeskus. Testimiseks kasutatakse sellest s\u00fcgisest Eurocontroli heakskiidul ELPAC testi. Olenevalt p\u00e4devusest on tasemetestil kaks versiooni &#8211; \u00fcks lennujuhtidele ja teine pilootidele. V\u00f5imalik on saavutada ICAO tase 4 v\u00f5i tase 5. Taset 6 akadeemias hetkel ei testita. Testi tulemus on teada samal p\u00e4eval. Testi viiakse l\u00e4bi akadeemias [&hellip;]","og_url":"https:\/\/eac.ee\/et\/news\/lennuakadeemia-viib-nuudsest-labi-elpac-keeleteste\/","og_site_name":"Estonian Aviation Cluster","og_image":[{"width":1256,"height":726,"url":"https:\/\/eac.ee\/wp-content\/uploads\/2023\/09\/Screenshot-2023-09-28-at-17.24.59.png","type":"image\/png"}],"twitter_card":"summary_large_image","twitter_misc":{"Est. reading time":"1 minut"},"schema":{"@context":"https:\/\/schema.org","@graph":[{"@type":"WebPage","@id":"https:\/\/eac.ee\/et\/news\/lennuakadeemia-viib-nuudsest-labi-elpac-keeleteste\/","url":"https:\/\/eac.ee\/et\/news\/lennuakadeemia-viib-nuudsest-labi-elpac-keeleteste\/","name":"Lennuakadeemia viib n\u00fc\u00fcdsest l\u00e4bi ELPAC keeleteste &#8211; Estonian Aviation Cluster","isPartOf":{"@id":"https:\/\/eac.ee\/#website"},"primaryImageOfPage":{"@id":"https:\/\/eac.ee\/et\/news\/lennuakadeemia-viib-nuudsest-labi-elpac-keeleteste\/#primaryimage"},"image":{"@id":"https:\/\/eac.ee\/et\/news\/lennuakadeemia-viib-nuudsest-labi-elpac-keeleteste\/#primaryimage"},"thumbnailUrl":"https:\/\/eac.ee\/wp-content\/uploads\/2023\/09\/Screenshot-2023-09-28-at-17.24.59.png","datePublished":"2023-09-28T14:25:32+00:00","breadcrumb":{"@id":"https:\/\/eac.ee\/et\/news\/lennuakadeemia-viib-nuudsest-labi-elpac-keeleteste\/#breadcrumb"},"inLanguage":"et","potentialAction":[{"@type":"ReadAction","target":["https:\/\/eac.ee\/et\/news\/lennuakadeemia-viib-nuudsest-labi-elpac-keeleteste\/"]}]},{"@type":"ImageObject","inLanguage":"et","@id":"https:\/\/eac.ee\/et\/news\/lennuakadeemia-viib-nuudsest-labi-elpac-keeleteste\/#primaryimage","url":"https:\/\/eac.ee\/wp-content\/uploads\/2023\/09\/Screenshot-2023-09-28-at-17.24.59.png","contentUrl":"https:\/\/eac.ee\/wp-content\/uploads\/2023\/09\/Screenshot-2023-09-28-at-17.24.59.png","width":1256,"height":726},{"@type":"BreadcrumbList","@id":"https:\/\/eac.ee\/et\/news\/lennuakadeemia-viib-nuudsest-labi-elpac-keeleteste\/#breadcrumb","itemListElement":[{"@type":"ListItem","position":1,"name":"Home","item":"https:\/\/eac.ee\/et\/"},{"@type":"ListItem","position":2,"name":"Lennuakadeemia viib n\u00fc\u00fcdsest l\u00e4bi ELPAC keeleteste"}]},{"@type":"WebSite","@id":"https:\/\/eac.ee\/#website","url":"https:\/\/eac.ee\/","name":"Estonian Aviation Cluster","description":"","potentialAction":[{"@type":"SearchAction","target":{"@type":"EntryPoint","urlTemplate":"https:\/\/eac.ee\/?s={search_term_string}"},"query-input":{"@type":"PropertyValueSpecification","valueRequired":true,"valueName":"search_term_string"}}],"inLanguage":"et"}]}},"_links":{"self":[{"href":"https:\/\/eac.ee\/et\/wp-json\/wp\/v2\/news\/2031","targetHints":{"allow":["GET"]}}],"collection":[{"href":"https:\/\/eac.ee\/et\/wp-json\/wp\/v2\/news"}],"about":[{"href":"https:\/\/eac.ee\/et\/wp-json\/wp\/v2\/types\/news"}],"author":[{"embeddable":true,"href":"https:\/\/eac.ee\/et\/wp-json\/wp\/v2\/users\/9"}],"wp:featuredmedia":[{"embeddable":true,"href":"https:\/\/eac.ee\/et\/wp-json\/wp\/v2\/media\/2032"}],"wp:attachment":[{"href":"https:\/\/eac.ee\/et\/wp-json\/wp\/v2\/media?parent=2031"}],"wp:term":[{"taxonomy":"tax_news","embeddable":true,"href":"https:\/\/eac.ee\/et\/wp-json\/wp\/v2\/tax_news?post=2031"}],"curies":[{"name":"wp","href":"https:\/\/api.w.org\/{rel}","templated":true}]}}