{"id":798,"date":"2020-06-18T10:00:34","date_gmt":"2020-06-18T07:00:34","guid":{"rendered":"https:\/\/eac.ee\/?post_type=news&#038;p=798"},"modified":"2020-08-28T11:40:06","modified_gmt":"2020-08-28T08:40:06","slug":"lennuettevotted-on-mures-et-miks-eesti-valitsus-ja-ministrid-ei-muu-lennundust","status":"publish","type":"news","link":"https:\/\/eac.ee\/et\/uudised\/lennuettevotted-on-mures-et-miks-eesti-valitsus-ja-ministrid-ei-muu-lennundust\/","title":{"rendered":"Pressiteade: Miks Eesti valitsus ja ministrid ei m\u00fc\u00fc lennundust?"},"content":{"rendered":"<p>Lennundus on t\u00f5usev majandusharu, see on palju rohkem kui lihtsalt otse\u00fchendused ja reisijatevedu. Lennundusklastri juhi Kristo Reinsalu s\u00f5nul teenis Eesti riik mullu 392 miljonit eurot maksutulu, mille eest saaks Maanteeamet ehitada ja remontida k\u00f5ik Eesti maanteed v\u00f5i saaks Sotsiaalministeerium soetada aastas vajamineva tervishoiuvaru. Eesti lennundusettev\u00f5tete tippjuhid t\u00f5desid t\u00e4nasel paneeldiskussioonil, et ambitsioonikate eesm\u00e4rkide elluviimiseks on riigil viimane aeg investeerida oma lennundust\u00f6\u00f6stuse arengusse.<\/p>\n<p>Tallinna Lennujaama juhi Riivo Tuvikese arvates\u00a0tuleb lennundussektorit tervikuna vaadata ja toetada, sest\u00a0teistel Euroopa riikidel tekib praeguses olukorras meie ees konkurentsieelis. &#8220;J\u00e4tkame aastatel 2021-2024 k\u00f5igi strateegiliste investeeringutega &#8211; nii lennuliiklusala kui reisiterminali laiendamisega, sest lennundussektori areng vajab v\u00e4ga spetsiifilist taristut, mida peame pakkuma nii reisi- kui kaubalendudega tegelevatele ettev\u00f5tetele, aga teistele lennundusega seotud ettev\u00f5tetele n\u00e4iteks lennukite hooldust pakkuvatele ettev\u00f5tetele,&#8221; selgitas Tuvike.<\/p>\n<p>Nii lennujaama juht kui ka Post11 juht Ardi Ratassepp t\u00f5desid m\u00f5lemad, et riik peab oma lennundust rohkem m\u00fc\u00fcma, tuues heaks eeskujuks Riia lennujaama aktiivse t\u00f6\u00f6 Aasia lennukaubanduse suunal.<\/p>\n<p>Lennukitele t\u00e4ishooldusteenust pakkuva ettev\u00f5tte Magnetic MRO tegevjuhi Risto M\u00e4eotsa s\u00f5nul m\u00e4ngitakse t\u00e4na lennunduses turuosasid \u00fcmber.<\/p>\n<p>\u201eTunnetan t\u00e4na teravalt, et lennundus on \u2018<em>war of nations<\/em>`.\u00a0Lennukite tootmise sektor, kogumahuga ca 400 miljardit dollarit aastas on rohkem avatud uuteks tarnijateks kui kunagi varem.\u00a0Meil on vaja\u00a0h\u00e4dasti\u00a0poliitilist tuge, et tuua sellest t\u00fckk Eestisse. Me suutsime oma j\u00f5ududega alustada Airbusile salongidetailide tootmist, kuid kui me\u00a0tahame Eestisse t\u00f5eliselt mahukat detailide tootmist n\u00e4iteks Airbus\u2019ile, siis peavad ministrid pr\u00f5mmima Br\u00fcsselis \u00f5igete uste taga,\u201c tunnistas M\u00e4eots.<\/p>\n<p>Enam kui 40-aastase lennunduskogemusega XFLY juhi Jan Palmeri arvates peaks Eesti koost\u00f6\u00f6s lennundusklastriga tegema \u00e4ra kodut\u00f6\u00f6 ja otsustama,\u00a0 kuhu oleks lennu\u00fchendusi tarvis ning millise kvaliteediga need \u00fchendused peavad olema. \u201eRiigid l\u00e4htuvad lennuliinide planeerimisel ikkagi strateegilisest vajadusest toetada eelk\u00f5ige oma majandust. Tihedas konkurentsis, tiib-tiivas lendamisega pole m\u00f5istlik maksumaksja raha p\u00f5letada,\u201c t\u00f5des Palmer.<\/p>\n<p>Lennuliiklusteeninduse AS juht Ivar V\u00e4rk toob \u00fche efektiivse lahendusena v\u00e4lja lennunduse digitaliseerimise, millest v\u00f5idaks nii ettev\u00f5tted kui tavareisijad.<\/p>\n<p>\u201cT\u00e4na n\u00e4eme, et ainuke lahendus on digitaliseerimine, et olla valmis v\u00e4heste ressurssidega kvaliteetse teenuse pakkumiseks. Seda siis nii Eesti \u00f5huruumis, v\u00e4ikelennuv\u00e4ljadel kui ka Eesti-Soome piiri\u00fclese koost\u00f6\u00f6 kaudu Soomes v\u00f5i ka mujal.,&#8221; t\u00f5des V\u00e4rk t\u00e4nasel vestlusel.<\/p>\n<p>Eesti Lennundusklastri korraldatud paneeldiskussioonis osalesid Eesti lennundusettev\u00f5tete tippjuhid &#8211; Tallinna Lennujaama juht Riivo Tuvike, Magnetic MRO juht Risto M\u00e4eots, XFLY juht Jan Palmer, Lennuliiklusteeninduse juht Ivar V\u00e4rk, Post11 juht Ardi Ratassepp, Eesti Lennundusklastri juht Kristo Reinsalu ning teised Lennundusklastri liikmed.<\/p>\n<p>Eesti Lennundusklaster on palunud riigilt\u00a0sektori ettev\u00f5tetele palgakompensatsioone v\u00e4hemalt 2020. aasta l\u00f5puni. Koos rendimaksete soodustuse ja lennufirmade tasude alandamisega on vajamineva riigiabi paketi maht kokku ca 32 mln eurot.<\/p>\n","protected":false},"author":9,"featured_media":799,"template":"","tax_news":[65],"class_list":["post-798","news","type-news","status-publish","has-post-thumbnail","hentry","tax_news-lennunduspoliitika"],"acf":[],"yoast_head":"<!-- This site is optimized with the Yoast SEO plugin v27.4 - https:\/\/yoast.com\/product\/yoast-seo-wordpress\/ -->\n<title>Pressiteade: Miks Eesti valitsus ja ministrid ei m\u00fc\u00fc lennundust? &#8211; Estonian Aviation Cluster<\/title>\n<meta name=\"robots\" content=\"index, follow, max-snippet:-1, max-image-preview:large, max-video-preview:-1\" \/>\n<link rel=\"canonical\" href=\"https:\/\/eac.ee\/et\/uudised\/lennuettevotted-on-mures-et-miks-eesti-valitsus-ja-ministrid-ei-muu-lennundust\/\" \/>\n<meta property=\"og:locale\" content=\"et_EE\" \/>\n<meta property=\"og:type\" content=\"article\" \/>\n<meta property=\"og:title\" content=\"Pressiteade: Miks Eesti valitsus ja ministrid ei m\u00fc\u00fc lennundust? &#8211; Estonian Aviation Cluster\" \/>\n<meta property=\"og:description\" content=\"Lennundus on t\u00f5usev majandusharu, see on palju rohkem kui lihtsalt otse\u00fchendused ja reisijatevedu. Lennundusklastri juhi Kristo Reinsalu s\u00f5nul teenis Eesti riik mullu 392 miljonit eurot maksutulu, mille eest saaks Maanteeamet ehitada ja remontida k\u00f5ik Eesti maanteed v\u00f5i saaks Sotsiaalministeerium soetada aastas vajamineva tervishoiuvaru. Eesti lennundusettev\u00f5tete tippjuhid t\u00f5desid t\u00e4nasel paneeldiskussioonil, et ambitsioonikate eesm\u00e4rkide elluviimiseks on riigil [&hellip;]\" \/>\n<meta property=\"og:url\" content=\"https:\/\/eac.ee\/et\/uudised\/lennuettevotted-on-mures-et-miks-eesti-valitsus-ja-ministrid-ei-muu-lennundust\/\" \/>\n<meta property=\"og:site_name\" content=\"Estonian Aviation Cluster\" \/>\n<meta property=\"article:modified_time\" content=\"2020-08-28T08:40:06+00:00\" \/>\n<meta property=\"og:image\" content=\"https:\/\/eac.ee\/wp-content\/uploads\/2020\/08\/Eesti-lennundustoostuse-juhid-vestlusringis-17.06.jpg\" \/>\n\t<meta property=\"og:image:width\" content=\"1200\" \/>\n\t<meta property=\"og:image:height\" content=\"900\" \/>\n\t<meta property=\"og:image:type\" content=\"image\/jpeg\" \/>\n<meta name=\"twitter:card\" content=\"summary_large_image\" \/>\n<meta name=\"twitter:label1\" content=\"Est. reading time\" \/>\n\t<meta name=\"twitter:data1\" content=\"2 minutit\" \/>\n<script type=\"application\/ld+json\" class=\"yoast-schema-graph\">{\"@context\":\"https:\\\/\\\/schema.org\",\"@graph\":[{\"@type\":\"WebPage\",\"@id\":\"https:\\\/\\\/eac.ee\\\/et\\\/uudised\\\/lennuettevotted-on-mures-et-miks-eesti-valitsus-ja-ministrid-ei-muu-lennundust\\\/\",\"url\":\"https:\\\/\\\/eac.ee\\\/et\\\/uudised\\\/lennuettevotted-on-mures-et-miks-eesti-valitsus-ja-ministrid-ei-muu-lennundust\\\/\",\"name\":\"Pressiteade: Miks Eesti valitsus ja ministrid ei m\u00fc\u00fc lennundust? &#8211; Estonian Aviation Cluster\",\"isPartOf\":{\"@id\":\"https:\\\/\\\/eac.ee\\\/#website\"},\"primaryImageOfPage\":{\"@id\":\"https:\\\/\\\/eac.ee\\\/et\\\/uudised\\\/lennuettevotted-on-mures-et-miks-eesti-valitsus-ja-ministrid-ei-muu-lennundust\\\/#primaryimage\"},\"image\":{\"@id\":\"https:\\\/\\\/eac.ee\\\/et\\\/uudised\\\/lennuettevotted-on-mures-et-miks-eesti-valitsus-ja-ministrid-ei-muu-lennundust\\\/#primaryimage\"},\"thumbnailUrl\":\"https:\\\/\\\/eac.ee\\\/wp-content\\\/uploads\\\/2020\\\/08\\\/Eesti-lennundustoostuse-juhid-vestlusringis-17.06.jpg\",\"datePublished\":\"2020-06-18T07:00:34+00:00\",\"dateModified\":\"2020-08-28T08:40:06+00:00\",\"breadcrumb\":{\"@id\":\"https:\\\/\\\/eac.ee\\\/et\\\/uudised\\\/lennuettevotted-on-mures-et-miks-eesti-valitsus-ja-ministrid-ei-muu-lennundust\\\/#breadcrumb\"},\"inLanguage\":\"et\",\"potentialAction\":[{\"@type\":\"ReadAction\",\"target\":[\"https:\\\/\\\/eac.ee\\\/et\\\/uudised\\\/lennuettevotted-on-mures-et-miks-eesti-valitsus-ja-ministrid-ei-muu-lennundust\\\/\"]}]},{\"@type\":\"ImageObject\",\"inLanguage\":\"et\",\"@id\":\"https:\\\/\\\/eac.ee\\\/et\\\/uudised\\\/lennuettevotted-on-mures-et-miks-eesti-valitsus-ja-ministrid-ei-muu-lennundust\\\/#primaryimage\",\"url\":\"https:\\\/\\\/eac.ee\\\/wp-content\\\/uploads\\\/2020\\\/08\\\/Eesti-lennundustoostuse-juhid-vestlusringis-17.06.jpg\",\"contentUrl\":\"https:\\\/\\\/eac.ee\\\/wp-content\\\/uploads\\\/2020\\\/08\\\/Eesti-lennundustoostuse-juhid-vestlusringis-17.06.jpg\",\"width\":1200,\"height\":900},{\"@type\":\"BreadcrumbList\",\"@id\":\"https:\\\/\\\/eac.ee\\\/et\\\/uudised\\\/lennuettevotted-on-mures-et-miks-eesti-valitsus-ja-ministrid-ei-muu-lennundust\\\/#breadcrumb\",\"itemListElement\":[{\"@type\":\"ListItem\",\"position\":1,\"name\":\"Home\",\"item\":\"https:\\\/\\\/eac.ee\\\/et\\\/\"},{\"@type\":\"ListItem\",\"position\":2,\"name\":\"Pressiteade: Miks Eesti valitsus ja ministrid ei m\u00fc\u00fc lennundust?\"}]},{\"@type\":\"WebSite\",\"@id\":\"https:\\\/\\\/eac.ee\\\/#website\",\"url\":\"https:\\\/\\\/eac.ee\\\/\",\"name\":\"Estonian Aviation Cluster\",\"description\":\"\",\"potentialAction\":[{\"@type\":\"SearchAction\",\"target\":{\"@type\":\"EntryPoint\",\"urlTemplate\":\"https:\\\/\\\/eac.ee\\\/?s={search_term_string}\"},\"query-input\":{\"@type\":\"PropertyValueSpecification\",\"valueRequired\":true,\"valueName\":\"search_term_string\"}}],\"inLanguage\":\"et\"}]}<\/script>\n<!-- \/ Yoast SEO plugin. -->","yoast_head_json":{"title":"Pressiteade: Miks Eesti valitsus ja ministrid ei m\u00fc\u00fc lennundust? &#8211; Estonian Aviation Cluster","robots":{"index":"index","follow":"follow","max-snippet":"max-snippet:-1","max-image-preview":"max-image-preview:large","max-video-preview":"max-video-preview:-1"},"canonical":"https:\/\/eac.ee\/et\/uudised\/lennuettevotted-on-mures-et-miks-eesti-valitsus-ja-ministrid-ei-muu-lennundust\/","og_locale":"et_EE","og_type":"article","og_title":"Pressiteade: Miks Eesti valitsus ja ministrid ei m\u00fc\u00fc lennundust? &#8211; Estonian Aviation Cluster","og_description":"Lennundus on t\u00f5usev majandusharu, see on palju rohkem kui lihtsalt otse\u00fchendused ja reisijatevedu. Lennundusklastri juhi Kristo Reinsalu s\u00f5nul teenis Eesti riik mullu 392 miljonit eurot maksutulu, mille eest saaks Maanteeamet ehitada ja remontida k\u00f5ik Eesti maanteed v\u00f5i saaks Sotsiaalministeerium soetada aastas vajamineva tervishoiuvaru. Eesti lennundusettev\u00f5tete tippjuhid t\u00f5desid t\u00e4nasel paneeldiskussioonil, et ambitsioonikate eesm\u00e4rkide elluviimiseks on riigil [&hellip;]","og_url":"https:\/\/eac.ee\/et\/uudised\/lennuettevotted-on-mures-et-miks-eesti-valitsus-ja-ministrid-ei-muu-lennundust\/","og_site_name":"Estonian Aviation Cluster","article_modified_time":"2020-08-28T08:40:06+00:00","og_image":[{"width":1200,"height":900,"url":"https:\/\/eac.ee\/wp-content\/uploads\/2020\/08\/Eesti-lennundustoostuse-juhid-vestlusringis-17.06.jpg","type":"image\/jpeg"}],"twitter_card":"summary_large_image","twitter_misc":{"Est. reading time":"2 minutit"},"schema":{"@context":"https:\/\/schema.org","@graph":[{"@type":"WebPage","@id":"https:\/\/eac.ee\/et\/uudised\/lennuettevotted-on-mures-et-miks-eesti-valitsus-ja-ministrid-ei-muu-lennundust\/","url":"https:\/\/eac.ee\/et\/uudised\/lennuettevotted-on-mures-et-miks-eesti-valitsus-ja-ministrid-ei-muu-lennundust\/","name":"Pressiteade: Miks Eesti valitsus ja ministrid ei m\u00fc\u00fc lennundust? &#8211; Estonian Aviation Cluster","isPartOf":{"@id":"https:\/\/eac.ee\/#website"},"primaryImageOfPage":{"@id":"https:\/\/eac.ee\/et\/uudised\/lennuettevotted-on-mures-et-miks-eesti-valitsus-ja-ministrid-ei-muu-lennundust\/#primaryimage"},"image":{"@id":"https:\/\/eac.ee\/et\/uudised\/lennuettevotted-on-mures-et-miks-eesti-valitsus-ja-ministrid-ei-muu-lennundust\/#primaryimage"},"thumbnailUrl":"https:\/\/eac.ee\/wp-content\/uploads\/2020\/08\/Eesti-lennundustoostuse-juhid-vestlusringis-17.06.jpg","datePublished":"2020-06-18T07:00:34+00:00","dateModified":"2020-08-28T08:40:06+00:00","breadcrumb":{"@id":"https:\/\/eac.ee\/et\/uudised\/lennuettevotted-on-mures-et-miks-eesti-valitsus-ja-ministrid-ei-muu-lennundust\/#breadcrumb"},"inLanguage":"et","potentialAction":[{"@type":"ReadAction","target":["https:\/\/eac.ee\/et\/uudised\/lennuettevotted-on-mures-et-miks-eesti-valitsus-ja-ministrid-ei-muu-lennundust\/"]}]},{"@type":"ImageObject","inLanguage":"et","@id":"https:\/\/eac.ee\/et\/uudised\/lennuettevotted-on-mures-et-miks-eesti-valitsus-ja-ministrid-ei-muu-lennundust\/#primaryimage","url":"https:\/\/eac.ee\/wp-content\/uploads\/2020\/08\/Eesti-lennundustoostuse-juhid-vestlusringis-17.06.jpg","contentUrl":"https:\/\/eac.ee\/wp-content\/uploads\/2020\/08\/Eesti-lennundustoostuse-juhid-vestlusringis-17.06.jpg","width":1200,"height":900},{"@type":"BreadcrumbList","@id":"https:\/\/eac.ee\/et\/uudised\/lennuettevotted-on-mures-et-miks-eesti-valitsus-ja-ministrid-ei-muu-lennundust\/#breadcrumb","itemListElement":[{"@type":"ListItem","position":1,"name":"Home","item":"https:\/\/eac.ee\/et\/"},{"@type":"ListItem","position":2,"name":"Pressiteade: Miks Eesti valitsus ja ministrid ei m\u00fc\u00fc lennundust?"}]},{"@type":"WebSite","@id":"https:\/\/eac.ee\/#website","url":"https:\/\/eac.ee\/","name":"Estonian Aviation Cluster","description":"","potentialAction":[{"@type":"SearchAction","target":{"@type":"EntryPoint","urlTemplate":"https:\/\/eac.ee\/?s={search_term_string}"},"query-input":{"@type":"PropertyValueSpecification","valueRequired":true,"valueName":"search_term_string"}}],"inLanguage":"et"}]}},"_links":{"self":[{"href":"https:\/\/eac.ee\/et\/wp-json\/wp\/v2\/news\/798","targetHints":{"allow":["GET"]}}],"collection":[{"href":"https:\/\/eac.ee\/et\/wp-json\/wp\/v2\/news"}],"about":[{"href":"https:\/\/eac.ee\/et\/wp-json\/wp\/v2\/types\/news"}],"author":[{"embeddable":true,"href":"https:\/\/eac.ee\/et\/wp-json\/wp\/v2\/users\/9"}],"wp:featuredmedia":[{"embeddable":true,"href":"https:\/\/eac.ee\/et\/wp-json\/wp\/v2\/media\/799"}],"wp:attachment":[{"href":"https:\/\/eac.ee\/et\/wp-json\/wp\/v2\/media?parent=798"}],"wp:term":[{"taxonomy":"tax_news","embeddable":true,"href":"https:\/\/eac.ee\/et\/wp-json\/wp\/v2\/tax_news?post=798"}],"curies":[{"name":"wp","href":"https:\/\/api.w.org\/{rel}","templated":true}]}}